{"id":37377,"date":"2017-12-13T17:21:46","date_gmt":"2017-12-13T16:21:46","guid":{"rendered":"https:\/\/www.filcacisl.it\/sindacato\/?p=37377"},"modified":"2017-12-13T17:21:46","modified_gmt":"2017-12-13T16:21:46","slug":"italcementi-di-calusco-e-rezzato-accordo-raggiuntp-per-il-premioa-ziendale","status":"publish","type":"post","link":"https:\/\/www.filcacisl.it\/sindacato\/italcementi-di-calusco-e-rezzato-accordo-raggiuntp-per-il-premioa-ziendale\/","title":{"rendered":"ITALCEMENTI DI CALUSCO E REZZATO, ACCORDO RAGGIUNTO PER IL PREMIO AZIENDALE"},"content":{"rendered":"<p>Dopo tre mesi di discussione, \u00e8 arrivato l\u2019accordo per l\u2019erogazione di un Premio aziendale ai circa 280 lavoratori dei due stabilimenti Italcementi di Calusco e Rezzato: ieri, 12 dicembre, nella sede Italcementi di Milano si \u00e8 tenuto l\u2019incontro tra la Direzione aziendale, la RSU e le organizzazioni sindacali FILLEA-CGIL e FILCA-CISL di Bergamo e Brescia che hanno sottoscritto l\u2019intesa.<br \/>\n\u201cL\u2019accordo firmato prevede il riconoscimento di 425 euro lorde per il 2017, prorogabile anche nel 2018, nel caso in cui la trattativa di secondo livello in discussione a livello nazionale non portasse condizioni di miglior favore a livello economico per i lavoratori\u201d hanno spiegato i segretari generali Luciana Fratus di FILLEA-CGIL e Danilo Mazzola di FILCA-CISL di Bergamo. \u201cIl premio verr\u00e0 riconosciuto con la retribuzione del mese di dicembre e verr\u00e0 erogato a tutti i lavoratori. A chi si trovi in Cassa Integrazione o sia stato trasferito, il premio verr\u00e0 riconosciuto pro quota per il periodo lavorato nel 2017&#8243;.<br \/>\n&#8220;\u00c8 un risultato dignitoso frutto di un equilibrio costruito con l\u2019azienda durante i vari incontri. Si premiano la fatica e il sacrificio dei lavoratori in questi anni difficili e si d\u00e0 il segnale che investire nel proprio patrimonio professionale, dopo una riorganizzazione del Gruppo in conseguenza all\u2019acquisizione di Italcementi da parte di HeidelbergCement, \u00e8 una delle strade da seguire per il rilancio del comparto del cemento, insieme alle altre proposte illustrate nella giornata di mobilitazione del 7 dicembre, come ad esempio l\u2019impegno e l\u2019investimento nella ricerca e nell\u2019innovazione, ma anche l\u2019utilizzo di impianti per la creazione di energia alternativa (CSS)\u201d.<\/p>\n","protected":false},"excerpt":{"rendered":"<p>Verr\u00e0 erogato questo mese a circa 280 lavoratori<\/p>\n","protected":false},"author":11,"featured_media":20732,"comment_status":"closed","ping_status":"closed","sticky":false,"template":"","format":"standard","meta":{"cybocfi_hide_featured_image":"","footnotes":""},"categories":[23],"tags":[],"class_list":["post-37377","post","type-post","status-publish","format-standard","has-post-thumbnail","hentry","category-filca-dal-territorio"],"yoast_head":"<!-- This site is optimized with the Yoast SEO plugin v28.4 - https:\/\/yoast.com\/product\/yoast-seo-wordpress\/ -->\n<title>ITALCEMENTI DI CALUSCO E REZZATO, ACCORDO RAGGIUNTO PER IL PREMIO AZIENDALE - Filca CISL<\/title>\n<meta name=\"robots\" content=\"index, follow, max-snippet:-1, max-image-preview:large, max-video-preview:-1\" \/>\n<link rel=\"canonical\" href=\"https:\/\/www.filcacisl.it\/sindacato\/italcementi-di-calusco-e-rezzato-accordo-raggiuntp-per-il-premioa-ziendale\/\" \/>\n<meta property=\"og:locale\" content=\"it_IT\" \/>\n<meta property=\"og:type\" content=\"article\" \/>\n<meta property=\"og:title\" content=\"ITALCEMENTI DI CALUSCO E REZZATO, ACCORDO RAGGIUNTO PER IL PREMIO AZIENDALE - Filca CISL\" \/>\n<meta property=\"og:description\" content=\"Verr\u00e0 erogato questo mese a circa 280 lavoratori\" \/>\n<meta property=\"og:url\" content=\"https:\/\/www.filcacisl.it\/sindacato\/italcementi-di-calusco-e-rezzato-accordo-raggiuntp-per-il-premioa-ziendale\/\" \/>\n<meta property=\"og:site_name\" content=\"Filca CISL\" \/>\n<meta property=\"article:publisher\" content=\"https:\/\/www.facebook.com\/Filca-Cisl-nazionale-308470056393070\/\" \/>\n<meta property=\"article:published_time\" content=\"2017-12-13T16:21:46+00:00\" \/>\n<meta name=\"author\" content=\"Vanni Petrelli\" \/>\n<meta name=\"twitter:card\" content=\"summary_large_image\" \/>\n<meta name=\"twitter:creator\" content=\"@strategie3srls@gmail.com\" \/>\n<meta name=\"twitter:site\" content=\"@filcacisl\" \/>\n<meta name=\"twitter:label1\" content=\"Scritto da\" \/>\n\t<meta name=\"twitter:data1\" content=\"Vanni Petrelli\" \/>\n\t<meta name=\"twitter:label2\" content=\"Tempo di lettura stimato\" \/>\n\t<meta name=\"twitter:data2\" content=\"1 minuto\" \/>\n<script type=\"application\/ld+json\" class=\"yoast-schema-graph\">{\"@context\":\"https:\\\/\\\/schema.org\",\"@graph\":[{\"@type\":\"Article\",\"@id\":\"https:\\\/\\\/www.filcacisl.it\\\/sindacato\\\/italcementi-di-calusco-e-rezzato-accordo-raggiuntp-per-il-premioa-ziendale\\\/#article\",\"isPartOf\":{\"@id\":\"https:\\\/\\\/www.filcacisl.it\\\/sindacato\\\/italcementi-di-calusco-e-rezzato-accordo-raggiuntp-per-il-premioa-ziendale\\\/\"},\"author\":{\"name\":\"Vanni Petrelli\",\"@id\":\"https:\\\/\\\/www.filcacisl.it\\\/sindacato\\\/#\\\/schema\\\/person\\\/e71a39dcbb4e2d46dd1f4ea8c68e6369\"},\"headline\":\"ITALCEMENTI DI CALUSCO E REZZATO, ACCORDO RAGGIUNTO PER IL PREMIO AZIENDALE\",\"datePublished\":\"2017-12-13T16:21:46+00:00\",\"mainEntityOfPage\":{\"@id\":\"https:\\\/\\\/www.filcacisl.it\\\/sindacato\\\/italcementi-di-calusco-e-rezzato-accordo-raggiuntp-per-il-premioa-ziendale\\\/\"},\"wordCount\":269,\"publisher\":{\"@id\":\"https:\\\/\\\/www.filcacisl.it\\\/sindacato\\\/#organization\"},\"image\":{\"@id\":\"https:\\\/\\\/www.filcacisl.it\\\/sindacato\\\/italcementi-di-calusco-e-rezzato-accordo-raggiuntp-per-il-premioa-ziendale\\\/#primaryimage\"},\"thumbnailUrl\":\"\",\"articleSection\":[\"Filca - Dal territorio\"],\"inLanguage\":\"it-IT\"},{\"@type\":\"WebPage\",\"@id\":\"https:\\\/\\\/www.filcacisl.it\\\/sindacato\\\/italcementi-di-calusco-e-rezzato-accordo-raggiuntp-per-il-premioa-ziendale\\\/\",\"url\":\"https:\\\/\\\/www.filcacisl.it\\\/sindacato\\\/italcementi-di-calusco-e-rezzato-accordo-raggiuntp-per-il-premioa-ziendale\\\/\",\"name\":\"ITALCEMENTI DI CALUSCO E REZZATO, ACCORDO RAGGIUNTO PER IL PREMIO AZIENDALE - Filca CISL\",\"isPartOf\":{\"@id\":\"https:\\\/\\\/www.filcacisl.it\\\/sindacato\\\/#website\"},\"primaryImageOfPage\":{\"@id\":\"https:\\\/\\\/www.filcacisl.it\\\/sindacato\\\/italcementi-di-calusco-e-rezzato-accordo-raggiuntp-per-il-premioa-ziendale\\\/#primaryimage\"},\"image\":{\"@id\":\"https:\\\/\\\/www.filcacisl.it\\\/sindacato\\\/italcementi-di-calusco-e-rezzato-accordo-raggiuntp-per-il-premioa-ziendale\\\/#primaryimage\"},\"thumbnailUrl\":\"\",\"datePublished\":\"2017-12-13T16:21:46+00:00\",\"breadcrumb\":{\"@id\":\"https:\\\/\\\/www.filcacisl.it\\\/sindacato\\\/italcementi-di-calusco-e-rezzato-accordo-raggiuntp-per-il-premioa-ziendale\\\/#breadcrumb\"},\"inLanguage\":\"it-IT\",\"potentialAction\":[{\"@type\":\"ReadAction\",\"target\":[\"https:\\\/\\\/www.filcacisl.it\\\/sindacato\\\/italcementi-di-calusco-e-rezzato-accordo-raggiuntp-per-il-premioa-ziendale\\\/\"]}]},{\"@type\":\"ImageObject\",\"inLanguage\":\"it-IT\",\"@id\":\"https:\\\/\\\/www.filcacisl.it\\\/sindacato\\\/italcementi-di-calusco-e-rezzato-accordo-raggiuntp-per-il-premioa-ziendale\\\/#primaryimage\",\"url\":\"\",\"contentUrl\":\"\"},{\"@type\":\"BreadcrumbList\",\"@id\":\"https:\\\/\\\/www.filcacisl.it\\\/sindacato\\\/italcementi-di-calusco-e-rezzato-accordo-raggiuntp-per-il-premioa-ziendale\\\/#breadcrumb\",\"itemListElement\":[{\"@type\":\"ListItem\",\"position\":1,\"name\":\"Home\",\"item\":\"https:\\\/\\\/www.filcacisl.it\\\/sindacato\\\/\"},{\"@type\":\"ListItem\",\"position\":2,\"name\":\"ITALCEMENTI DI CALUSCO E REZZATO, ACCORDO RAGGIUNTO PER IL PREMIO AZIENDALE\"}]},{\"@type\":\"WebSite\",\"@id\":\"https:\\\/\\\/www.filcacisl.it\\\/sindacato\\\/#website\",\"url\":\"https:\\\/\\\/www.filcacisl.it\\\/sindacato\\\/\",\"name\":\"Filca CISL\",\"description\":\"Federazione Italiana Lavoratori Costruzioni e Affini\",\"publisher\":{\"@id\":\"https:\\\/\\\/www.filcacisl.it\\\/sindacato\\\/#organization\"},\"potentialAction\":[{\"@type\":\"SearchAction\",\"target\":{\"@type\":\"EntryPoint\",\"urlTemplate\":\"https:\\\/\\\/www.filcacisl.it\\\/sindacato\\\/?s={search_term_string}\"},\"query-input\":{\"@type\":\"PropertyValueSpecification\",\"valueRequired\":true,\"valueName\":\"search_term_string\"}}],\"inLanguage\":\"it-IT\"},{\"@type\":\"Organization\",\"@id\":\"https:\\\/\\\/www.filcacisl.it\\\/sindacato\\\/#organization\",\"name\":\"FILCA CISL\",\"url\":\"https:\\\/\\\/www.filcacisl.it\\\/sindacato\\\/\",\"logo\":{\"@type\":\"ImageObject\",\"inLanguage\":\"it-IT\",\"@id\":\"https:\\\/\\\/www.filcacisl.it\\\/sindacato\\\/#\\\/schema\\\/logo\\\/image\\\/\",\"url\":\"https:\\\/\\\/www.filcacisl.it\\\/sindacato\\\/wp-content\\\/uploads\\\/2022\\\/01\\\/cropped-logo-filca-new.jpg\",\"contentUrl\":\"https:\\\/\\\/www.filcacisl.it\\\/sindacato\\\/wp-content\\\/uploads\\\/2022\\\/01\\\/cropped-logo-filca-new.jpg\",\"width\":2048,\"height\":586,\"caption\":\"FILCA CISL\"},\"image\":{\"@id\":\"https:\\\/\\\/www.filcacisl.it\\\/sindacato\\\/#\\\/schema\\\/logo\\\/image\\\/\"},\"sameAs\":[\"https:\\\/\\\/www.facebook.com\\\/Filca-Cisl-nazionale-308470056393070\\\/\",\"https:\\\/\\\/x.com\\\/filcacisl\"]},{\"@type\":\"Person\",\"@id\":\"https:\\\/\\\/www.filcacisl.it\\\/sindacato\\\/#\\\/schema\\\/person\\\/e71a39dcbb4e2d46dd1f4ea8c68e6369\",\"name\":\"Vanni Petrelli\",\"image\":{\"@type\":\"ImageObject\",\"inLanguage\":\"it-IT\",\"@id\":\"https:\\\/\\\/secure.gravatar.com\\\/avatar\\\/babadadf206e9691570a5abffb95bee052ff5c84adf1e10895877bc756a453cc?s=96&d=mm&r=g\",\"url\":\"https:\\\/\\\/secure.gravatar.com\\\/avatar\\\/babadadf206e9691570a5abffb95bee052ff5c84adf1e10895877bc756a453cc?s=96&d=mm&r=g\",\"contentUrl\":\"https:\\\/\\\/secure.gravatar.com\\\/avatar\\\/babadadf206e9691570a5abffb95bee052ff5c84adf1e10895877bc756a453cc?s=96&d=mm&r=g\",\"caption\":\"Vanni Petrelli\"},\"sameAs\":[\"https:\\\/\\\/x.com\\\/strategie3srls@gmail.com\"],\"url\":\"https:\\\/\\\/www.filcacisl.it\\\/sindacato\\\/author\\\/redazione\\\/\"}]}<\/script>\n<!-- \/ Yoast SEO plugin. -->","yoast_head_json":{"title":"ITALCEMENTI DI CALUSCO E REZZATO, ACCORDO RAGGIUNTO PER IL PREMIO AZIENDALE - Filca CISL","robots":{"index":"index","follow":"follow","max-snippet":"max-snippet:-1","max-image-preview":"max-image-preview:large","max-video-preview":"max-video-preview:-1"},"canonical":"https:\/\/www.filcacisl.it\/sindacato\/italcementi-di-calusco-e-rezzato-accordo-raggiuntp-per-il-premioa-ziendale\/","og_locale":"it_IT","og_type":"article","og_title":"ITALCEMENTI DI CALUSCO E REZZATO, ACCORDO RAGGIUNTO PER IL PREMIO AZIENDALE - Filca CISL","og_description":"Verr\u00e0 erogato questo mese a circa 280 lavoratori","og_url":"https:\/\/www.filcacisl.it\/sindacato\/italcementi-di-calusco-e-rezzato-accordo-raggiuntp-per-il-premioa-ziendale\/","og_site_name":"Filca CISL","article_publisher":"https:\/\/www.facebook.com\/Filca-Cisl-nazionale-308470056393070\/","article_published_time":"2017-12-13T16:21:46+00:00","author":"Vanni Petrelli","twitter_card":"summary_large_image","twitter_creator":"@strategie3srls@gmail.com","twitter_site":"@filcacisl","twitter_misc":{"Scritto da":"Vanni Petrelli","Tempo di lettura stimato":"1 minuto"},"schema":{"@context":"https:\/\/schema.org","@graph":[{"@type":"Article","@id":"https:\/\/www.filcacisl.it\/sindacato\/italcementi-di-calusco-e-rezzato-accordo-raggiuntp-per-il-premioa-ziendale\/#article","isPartOf":{"@id":"https:\/\/www.filcacisl.it\/sindacato\/italcementi-di-calusco-e-rezzato-accordo-raggiuntp-per-il-premioa-ziendale\/"},"author":{"name":"Vanni Petrelli","@id":"https:\/\/www.filcacisl.it\/sindacato\/#\/schema\/person\/e71a39dcbb4e2d46dd1f4ea8c68e6369"},"headline":"ITALCEMENTI DI CALUSCO E REZZATO, ACCORDO RAGGIUNTO PER IL PREMIO AZIENDALE","datePublished":"2017-12-13T16:21:46+00:00","mainEntityOfPage":{"@id":"https:\/\/www.filcacisl.it\/sindacato\/italcementi-di-calusco-e-rezzato-accordo-raggiuntp-per-il-premioa-ziendale\/"},"wordCount":269,"publisher":{"@id":"https:\/\/www.filcacisl.it\/sindacato\/#organization"},"image":{"@id":"https:\/\/www.filcacisl.it\/sindacato\/italcementi-di-calusco-e-rezzato-accordo-raggiuntp-per-il-premioa-ziendale\/#primaryimage"},"thumbnailUrl":"","articleSection":["Filca - Dal territorio"],"inLanguage":"it-IT"},{"@type":"WebPage","@id":"https:\/\/www.filcacisl.it\/sindacato\/italcementi-di-calusco-e-rezzato-accordo-raggiuntp-per-il-premioa-ziendale\/","url":"https:\/\/www.filcacisl.it\/sindacato\/italcementi-di-calusco-e-rezzato-accordo-raggiuntp-per-il-premioa-ziendale\/","name":"ITALCEMENTI DI CALUSCO E REZZATO, ACCORDO RAGGIUNTO PER IL PREMIO AZIENDALE - Filca CISL","isPartOf":{"@id":"https:\/\/www.filcacisl.it\/sindacato\/#website"},"primaryImageOfPage":{"@id":"https:\/\/www.filcacisl.it\/sindacato\/italcementi-di-calusco-e-rezzato-accordo-raggiuntp-per-il-premioa-ziendale\/#primaryimage"},"image":{"@id":"https:\/\/www.filcacisl.it\/sindacato\/italcementi-di-calusco-e-rezzato-accordo-raggiuntp-per-il-premioa-ziendale\/#primaryimage"},"thumbnailUrl":"","datePublished":"2017-12-13T16:21:46+00:00","breadcrumb":{"@id":"https:\/\/www.filcacisl.it\/sindacato\/italcementi-di-calusco-e-rezzato-accordo-raggiuntp-per-il-premioa-ziendale\/#breadcrumb"},"inLanguage":"it-IT","potentialAction":[{"@type":"ReadAction","target":["https:\/\/www.filcacisl.it\/sindacato\/italcementi-di-calusco-e-rezzato-accordo-raggiuntp-per-il-premioa-ziendale\/"]}]},{"@type":"ImageObject","inLanguage":"it-IT","@id":"https:\/\/www.filcacisl.it\/sindacato\/italcementi-di-calusco-e-rezzato-accordo-raggiuntp-per-il-premioa-ziendale\/#primaryimage","url":"","contentUrl":""},{"@type":"BreadcrumbList","@id":"https:\/\/www.filcacisl.it\/sindacato\/italcementi-di-calusco-e-rezzato-accordo-raggiuntp-per-il-premioa-ziendale\/#breadcrumb","itemListElement":[{"@type":"ListItem","position":1,"name":"Home","item":"https:\/\/www.filcacisl.it\/sindacato\/"},{"@type":"ListItem","position":2,"name":"ITALCEMENTI DI CALUSCO E REZZATO, ACCORDO RAGGIUNTO PER IL PREMIO AZIENDALE"}]},{"@type":"WebSite","@id":"https:\/\/www.filcacisl.it\/sindacato\/#website","url":"https:\/\/www.filcacisl.it\/sindacato\/","name":"Filca CISL","description":"Federazione Italiana Lavoratori Costruzioni e Affini","publisher":{"@id":"https:\/\/www.filcacisl.it\/sindacato\/#organization"},"potentialAction":[{"@type":"SearchAction","target":{"@type":"EntryPoint","urlTemplate":"https:\/\/www.filcacisl.it\/sindacato\/?s={search_term_string}"},"query-input":{"@type":"PropertyValueSpecification","valueRequired":true,"valueName":"search_term_string"}}],"inLanguage":"it-IT"},{"@type":"Organization","@id":"https:\/\/www.filcacisl.it\/sindacato\/#organization","name":"FILCA CISL","url":"https:\/\/www.filcacisl.it\/sindacato\/","logo":{"@type":"ImageObject","inLanguage":"it-IT","@id":"https:\/\/www.filcacisl.it\/sindacato\/#\/schema\/logo\/image\/","url":"https:\/\/www.filcacisl.it\/sindacato\/wp-content\/uploads\/2022\/01\/cropped-logo-filca-new.jpg","contentUrl":"https:\/\/www.filcacisl.it\/sindacato\/wp-content\/uploads\/2022\/01\/cropped-logo-filca-new.jpg","width":2048,"height":586,"caption":"FILCA CISL"},"image":{"@id":"https:\/\/www.filcacisl.it\/sindacato\/#\/schema\/logo\/image\/"},"sameAs":["https:\/\/www.facebook.com\/Filca-Cisl-nazionale-308470056393070\/","https:\/\/x.com\/filcacisl"]},{"@type":"Person","@id":"https:\/\/www.filcacisl.it\/sindacato\/#\/schema\/person\/e71a39dcbb4e2d46dd1f4ea8c68e6369","name":"Vanni Petrelli","image":{"@type":"ImageObject","inLanguage":"it-IT","@id":"https:\/\/secure.gravatar.com\/avatar\/babadadf206e9691570a5abffb95bee052ff5c84adf1e10895877bc756a453cc?s=96&d=mm&r=g","url":"https:\/\/secure.gravatar.com\/avatar\/babadadf206e9691570a5abffb95bee052ff5c84adf1e10895877bc756a453cc?s=96&d=mm&r=g","contentUrl":"https:\/\/secure.gravatar.com\/avatar\/babadadf206e9691570a5abffb95bee052ff5c84adf1e10895877bc756a453cc?s=96&d=mm&r=g","caption":"Vanni Petrelli"},"sameAs":["https:\/\/x.com\/strategie3srls@gmail.com"],"url":"https:\/\/www.filcacisl.it\/sindacato\/author\/redazione\/"}]}},"_links":{"self":[{"href":"https:\/\/www.filcacisl.it\/sindacato\/wp-json\/wp\/v2\/posts\/37377","targetHints":{"allow":["GET"]}}],"collection":[{"href":"https:\/\/www.filcacisl.it\/sindacato\/wp-json\/wp\/v2\/posts"}],"about":[{"href":"https:\/\/www.filcacisl.it\/sindacato\/wp-json\/wp\/v2\/types\/post"}],"author":[{"embeddable":true,"href":"https:\/\/www.filcacisl.it\/sindacato\/wp-json\/wp\/v2\/users\/11"}],"replies":[{"embeddable":true,"href":"https:\/\/www.filcacisl.it\/sindacato\/wp-json\/wp\/v2\/comments?post=37377"}],"version-history":[{"count":0,"href":"https:\/\/www.filcacisl.it\/sindacato\/wp-json\/wp\/v2\/posts\/37377\/revisions"}],"wp:attachment":[{"href":"https:\/\/www.filcacisl.it\/sindacato\/wp-json\/wp\/v2\/media?parent=37377"}],"wp:term":[{"taxonomy":"category","embeddable":true,"href":"https:\/\/www.filcacisl.it\/sindacato\/wp-json\/wp\/v2\/categories?post=37377"},{"taxonomy":"post_tag","embeddable":true,"href":"https:\/\/www.filcacisl.it\/sindacato\/wp-json\/wp\/v2\/tags?post=37377"}],"curies":[{"name":"wp","href":"https:\/\/api.w.org\/{rel}","templated":true}]}}