{"id":37373,"date":"2017-12-13T15:32:39","date_gmt":"2017-12-13T14:32:39","guid":{"rendered":"https:\/\/www.filcacisl.it\/sindacato\/?p=37373"},"modified":"2017-12-13T15:32:39","modified_gmt":"2017-12-13T14:32:39","slug":"filca-milano-in-segreteria-entra-roberto-scotti","status":"publish","type":"post","link":"https:\/\/www.filcacisl.it\/sindacato\/filca-milano-in-segreteria-entra-roberto-scotti\/","title":{"rendered":"FILCA MILANO, IN SEGRETERIA ENTRA ROBERTO SCOTTI"},"content":{"rendered":"<p><figure id=\"attachment_37374\" aria-describedby=\"caption-attachment-37374\" style=\"width: 300px\" class=\"wp-caption alignleft\"><a href=\"https:\/\/www.filcacisl.it\/sindacato\/wp-content\/uploads\/2017\/12\/DSC7969.jpg\"><img fetchpriority=\"high\" decoding=\"async\" class=\"size-medium wp-image-37374\" src=\"https:\/\/www.filcacisl.it\/sindacato\/wp-content\/uploads\/2017\/12\/DSC7969-300x200.jpg\" alt=\"\" width=\"300\" height=\"200\"\/><\/a><figcaption id=\"caption-attachment-37374\" class=\"wp-caption-text\">Roberto Scotti<\/figcaption><\/figure><br \/>\nNuovo ingresso nella segreteria della Filca-Cisl di Milano: il Consiglio generale, riunitosi presso l&#8217;Esem, la Scuola edile milanese, ha infatti eletto segretario Roberto Scotti, attuale direttore della Scuola di formazione &#8220;Pino Virgilio&#8221; della Filca nazionale. Scotti prende il posto di Alem Gracic, dimessosi perch\u00e9 chiamato a supportare sia il <a href=\"https:\/\/www.filcacisl.it\/sindacato\/consiglio-generale-filca-via-libera-al-progetto-body-building\/\">progetto organizzativo &#8220;Body building&#8221; della Filca Nazionale<\/a>, che ad accompagnare il futuro della Filca Lombardia in qualit\u00e0 di segretario organizzativo (il cambio avverr\u00e0 il prossimo 22 dicembre con le <a href=\"https:\/\/www.filcacisl.it\/sindacato\/convocati-lesecutivo-ed-il-consiglio-generale-della-filca-nazionale\/\">dimissioni di Francesco Bianchi e Roberto Bocchio, che vanno in pensione<\/a>).&nbsp;<br \/>\n&#8220;Il cambio della guardia &#8211; ha dichiarato il segretario generale della Filca Franco Turri, presente ai lavori insieme a Francesco Bianchi, segretario generale della Filca Lombardia e a Carlo Gerla, componente della segreteria della Cisl di Milano &#8211; \u00e8 da collegarsi in modo specifico al progetto \u201cBody Building\u201d approvato dal Consiglio generale della Filca nazionale a Cascia. Abbiamo pensato di sostituire Alem&nbsp;con una figura che segnasse l\u2019intenzione e il sostegno fattivo della Filca nazionale, e dal momento che a Milano passano le principali innovazioni che riguardano il settore e che esso \u00e8 uno dei pi\u00f9 importanti territori<br \/>\n<figure id=\"attachment_37375\" aria-describedby=\"caption-attachment-37375\" style=\"width: 300px\" class=\"wp-caption alignright\"><a href=\"https:\/\/www.filcacisl.it\/sindacato\/wp-content\/uploads\/2017\/12\/Alem-Gracic.jpg\"><img decoding=\"async\" class=\"wp-image-37375 size-medium\" src=\"https:\/\/www.filcacisl.it\/sindacato\/wp-content\/uploads\/2017\/12\/Alem-Gracic-300x200.jpg\" alt=\"\" width=\"300\" height=\"200\"\/><\/a><figcaption id=\"caption-attachment-37375\" class=\"wp-caption-text\">Alem Gracic<\/figcaption><\/figure><br \/>\nnel panorama nazionale, la proposta \u00e8 stata quella di inserire quale nuovo componente della segreteria territoriale un esperto di formazione, collegando la formazione stessa alle sfide organizzative e ai processi innovativi che sempre pi\u00f9 andranno interrogando il settore edile e la Filca&#8221;. Scotti, comunque, sar\u00e0 segretario &#8220;part time&#8221; e manterr\u00e0 il compito di coordinare e dirigere ancora la Scuola Nazionale Filca.&nbsp;<br \/>\nAl Consiglio generale hanno partecipato ben 3 territori (Milano, Monza-Brianza-Lecco, Lodi-Pavia) in quanto strutture sindacali Filca di riferimento di una delle 4 Macro Aree che la Filca della Lombardia ha iniziato a individuare e costruire negli ultimi anni.&nbsp;<\/p>\n","protected":false},"excerpt":{"rendered":"<p>Il direttore della scuola nazionale di formazione prende il posto di Alem Gracic<\/p>\n","protected":false},"author":11,"featured_media":0,"comment_status":"closed","ping_status":"closed","sticky":false,"template":"","format":"standard","meta":{"cybocfi_hide_featured_image":"","footnotes":""},"categories":[23],"tags":[],"class_list":["post-37373","post","type-post","status-publish","format-standard","hentry","category-filca-dal-territorio"],"yoast_head":"<!-- This site is optimized with the Yoast SEO plugin v28.4 - https:\/\/yoast.com\/product\/yoast-seo-wordpress\/ -->\n<title>FILCA MILANO, IN SEGRETERIA ENTRA ROBERTO SCOTTI - Filca CISL<\/title>\n<meta name=\"robots\" content=\"index, follow, max-snippet:-1, max-image-preview:large, max-video-preview:-1\" \/>\n<link rel=\"canonical\" href=\"https:\/\/www.filcacisl.it\/sindacato\/filca-milano-in-segreteria-entra-roberto-scotti\/\" \/>\n<meta property=\"og:locale\" content=\"it_IT\" \/>\n<meta property=\"og:type\" content=\"article\" \/>\n<meta property=\"og:title\" content=\"FILCA MILANO, IN SEGRETERIA ENTRA ROBERTO SCOTTI - Filca CISL\" \/>\n<meta property=\"og:description\" content=\"Il direttore della scuola nazionale di formazione prende il posto di Alem Gracic\" \/>\n<meta property=\"og:url\" content=\"https:\/\/www.filcacisl.it\/sindacato\/filca-milano-in-segreteria-entra-roberto-scotti\/\" \/>\n<meta property=\"og:site_name\" content=\"Filca CISL\" \/>\n<meta property=\"article:publisher\" content=\"https:\/\/www.facebook.com\/Filca-Cisl-nazionale-308470056393070\/\" \/>\n<meta property=\"article:published_time\" content=\"2017-12-13T14:32:39+00:00\" \/>\n<meta property=\"og:image\" content=\"https:\/\/www.filcacisl.it\/sindacato\/wp-content\/uploads\/2017\/12\/DSC7969-300x200.jpg\" \/>\n<meta name=\"author\" content=\"Vanni Petrelli\" \/>\n<meta name=\"twitter:card\" content=\"summary_large_image\" \/>\n<meta name=\"twitter:creator\" content=\"@strategie3srls@gmail.com\" \/>\n<meta name=\"twitter:site\" content=\"@filcacisl\" \/>\n<meta name=\"twitter:label1\" content=\"Scritto da\" \/>\n\t<meta name=\"twitter:data1\" content=\"Vanni Petrelli\" \/>\n\t<meta name=\"twitter:label2\" content=\"Tempo di lettura stimato\" \/>\n\t<meta name=\"twitter:data2\" content=\"2 minuti\" \/>\n<script type=\"application\/ld+json\" class=\"yoast-schema-graph\">{\"@context\":\"https:\\\/\\\/schema.org\",\"@graph\":[{\"@type\":\"Article\",\"@id\":\"https:\\\/\\\/www.filcacisl.it\\\/sindacato\\\/filca-milano-in-segreteria-entra-roberto-scotti\\\/#article\",\"isPartOf\":{\"@id\":\"https:\\\/\\\/www.filcacisl.it\\\/sindacato\\\/filca-milano-in-segreteria-entra-roberto-scotti\\\/\"},\"author\":{\"name\":\"Vanni Petrelli\",\"@id\":\"https:\\\/\\\/www.filcacisl.it\\\/sindacato\\\/#\\\/schema\\\/person\\\/e71a39dcbb4e2d46dd1f4ea8c68e6369\"},\"headline\":\"FILCA MILANO, IN SEGRETERIA ENTRA ROBERTO SCOTTI\",\"datePublished\":\"2017-12-13T14:32:39+00:00\",\"mainEntityOfPage\":{\"@id\":\"https:\\\/\\\/www.filcacisl.it\\\/sindacato\\\/filca-milano-in-segreteria-entra-roberto-scotti\\\/\"},\"wordCount\":311,\"publisher\":{\"@id\":\"https:\\\/\\\/www.filcacisl.it\\\/sindacato\\\/#organization\"},\"image\":{\"@id\":\"https:\\\/\\\/www.filcacisl.it\\\/sindacato\\\/filca-milano-in-segreteria-entra-roberto-scotti\\\/#primaryimage\"},\"thumbnailUrl\":\"https:\\\/\\\/www.filcacisl.it\\\/sindacato\\\/wp-content\\\/uploads\\\/2017\\\/12\\\/DSC7969-300x200.jpg\",\"articleSection\":[\"Filca - Dal territorio\"],\"inLanguage\":\"it-IT\"},{\"@type\":\"WebPage\",\"@id\":\"https:\\\/\\\/www.filcacisl.it\\\/sindacato\\\/filca-milano-in-segreteria-entra-roberto-scotti\\\/\",\"url\":\"https:\\\/\\\/www.filcacisl.it\\\/sindacato\\\/filca-milano-in-segreteria-entra-roberto-scotti\\\/\",\"name\":\"FILCA MILANO, IN SEGRETERIA ENTRA ROBERTO SCOTTI - Filca CISL\",\"isPartOf\":{\"@id\":\"https:\\\/\\\/www.filcacisl.it\\\/sindacato\\\/#website\"},\"primaryImageOfPage\":{\"@id\":\"https:\\\/\\\/www.filcacisl.it\\\/sindacato\\\/filca-milano-in-segreteria-entra-roberto-scotti\\\/#primaryimage\"},\"image\":{\"@id\":\"https:\\\/\\\/www.filcacisl.it\\\/sindacato\\\/filca-milano-in-segreteria-entra-roberto-scotti\\\/#primaryimage\"},\"thumbnailUrl\":\"https:\\\/\\\/www.filcacisl.it\\\/sindacato\\\/wp-content\\\/uploads\\\/2017\\\/12\\\/DSC7969-300x200.jpg\",\"datePublished\":\"2017-12-13T14:32:39+00:00\",\"breadcrumb\":{\"@id\":\"https:\\\/\\\/www.filcacisl.it\\\/sindacato\\\/filca-milano-in-segreteria-entra-roberto-scotti\\\/#breadcrumb\"},\"inLanguage\":\"it-IT\",\"potentialAction\":[{\"@type\":\"ReadAction\",\"target\":[\"https:\\\/\\\/www.filcacisl.it\\\/sindacato\\\/filca-milano-in-segreteria-entra-roberto-scotti\\\/\"]}]},{\"@type\":\"ImageObject\",\"inLanguage\":\"it-IT\",\"@id\":\"https:\\\/\\\/www.filcacisl.it\\\/sindacato\\\/filca-milano-in-segreteria-entra-roberto-scotti\\\/#primaryimage\",\"url\":\"https:\\\/\\\/www.filcacisl.it\\\/sindacato\\\/wp-content\\\/uploads\\\/2017\\\/12\\\/DSC7969-300x200.jpg\",\"contentUrl\":\"https:\\\/\\\/www.filcacisl.it\\\/sindacato\\\/wp-content\\\/uploads\\\/2017\\\/12\\\/DSC7969-300x200.jpg\"},{\"@type\":\"BreadcrumbList\",\"@id\":\"https:\\\/\\\/www.filcacisl.it\\\/sindacato\\\/filca-milano-in-segreteria-entra-roberto-scotti\\\/#breadcrumb\",\"itemListElement\":[{\"@type\":\"ListItem\",\"position\":1,\"name\":\"Home\",\"item\":\"https:\\\/\\\/www.filcacisl.it\\\/sindacato\\\/\"},{\"@type\":\"ListItem\",\"position\":2,\"name\":\"FILCA MILANO, IN SEGRETERIA ENTRA ROBERTO SCOTTI\"}]},{\"@type\":\"WebSite\",\"@id\":\"https:\\\/\\\/www.filcacisl.it\\\/sindacato\\\/#website\",\"url\":\"https:\\\/\\\/www.filcacisl.it\\\/sindacato\\\/\",\"name\":\"Filca CISL\",\"description\":\"Federazione Italiana Lavoratori Costruzioni e Affini\",\"publisher\":{\"@id\":\"https:\\\/\\\/www.filcacisl.it\\\/sindacato\\\/#organization\"},\"potentialAction\":[{\"@type\":\"SearchAction\",\"target\":{\"@type\":\"EntryPoint\",\"urlTemplate\":\"https:\\\/\\\/www.filcacisl.it\\\/sindacato\\\/?s={search_term_string}\"},\"query-input\":{\"@type\":\"PropertyValueSpecification\",\"valueRequired\":true,\"valueName\":\"search_term_string\"}}],\"inLanguage\":\"it-IT\"},{\"@type\":\"Organization\",\"@id\":\"https:\\\/\\\/www.filcacisl.it\\\/sindacato\\\/#organization\",\"name\":\"FILCA CISL\",\"url\":\"https:\\\/\\\/www.filcacisl.it\\\/sindacato\\\/\",\"logo\":{\"@type\":\"ImageObject\",\"inLanguage\":\"it-IT\",\"@id\":\"https:\\\/\\\/www.filcacisl.it\\\/sindacato\\\/#\\\/schema\\\/logo\\\/image\\\/\",\"url\":\"https:\\\/\\\/www.filcacisl.it\\\/sindacato\\\/wp-content\\\/uploads\\\/2022\\\/01\\\/cropped-logo-filca-new.jpg\",\"contentUrl\":\"https:\\\/\\\/www.filcacisl.it\\\/sindacato\\\/wp-content\\\/uploads\\\/2022\\\/01\\\/cropped-logo-filca-new.jpg\",\"width\":2048,\"height\":586,\"caption\":\"FILCA CISL\"},\"image\":{\"@id\":\"https:\\\/\\\/www.filcacisl.it\\\/sindacato\\\/#\\\/schema\\\/logo\\\/image\\\/\"},\"sameAs\":[\"https:\\\/\\\/www.facebook.com\\\/Filca-Cisl-nazionale-308470056393070\\\/\",\"https:\\\/\\\/x.com\\\/filcacisl\"]},{\"@type\":\"Person\",\"@id\":\"https:\\\/\\\/www.filcacisl.it\\\/sindacato\\\/#\\\/schema\\\/person\\\/e71a39dcbb4e2d46dd1f4ea8c68e6369\",\"name\":\"Vanni Petrelli\",\"image\":{\"@type\":\"ImageObject\",\"inLanguage\":\"it-IT\",\"@id\":\"https:\\\/\\\/secure.gravatar.com\\\/avatar\\\/babadadf206e9691570a5abffb95bee052ff5c84adf1e10895877bc756a453cc?s=96&d=mm&r=g\",\"url\":\"https:\\\/\\\/secure.gravatar.com\\\/avatar\\\/babadadf206e9691570a5abffb95bee052ff5c84adf1e10895877bc756a453cc?s=96&d=mm&r=g\",\"contentUrl\":\"https:\\\/\\\/secure.gravatar.com\\\/avatar\\\/babadadf206e9691570a5abffb95bee052ff5c84adf1e10895877bc756a453cc?s=96&d=mm&r=g\",\"caption\":\"Vanni Petrelli\"},\"sameAs\":[\"https:\\\/\\\/x.com\\\/strategie3srls@gmail.com\"],\"url\":\"https:\\\/\\\/www.filcacisl.it\\\/sindacato\\\/author\\\/redazione\\\/\"}]}<\/script>\n<!-- \/ Yoast SEO plugin. -->","yoast_head_json":{"title":"FILCA MILANO, IN SEGRETERIA ENTRA ROBERTO SCOTTI - Filca CISL","robots":{"index":"index","follow":"follow","max-snippet":"max-snippet:-1","max-image-preview":"max-image-preview:large","max-video-preview":"max-video-preview:-1"},"canonical":"https:\/\/www.filcacisl.it\/sindacato\/filca-milano-in-segreteria-entra-roberto-scotti\/","og_locale":"it_IT","og_type":"article","og_title":"FILCA MILANO, IN SEGRETERIA ENTRA ROBERTO SCOTTI - Filca CISL","og_description":"Il direttore della scuola nazionale di formazione prende il posto di Alem Gracic","og_url":"https:\/\/www.filcacisl.it\/sindacato\/filca-milano-in-segreteria-entra-roberto-scotti\/","og_site_name":"Filca CISL","article_publisher":"https:\/\/www.facebook.com\/Filca-Cisl-nazionale-308470056393070\/","article_published_time":"2017-12-13T14:32:39+00:00","og_image":[{"url":"https:\/\/www.filcacisl.it\/sindacato\/wp-content\/uploads\/2017\/12\/DSC7969-300x200.jpg","type":"","width":"","height":""}],"author":"Vanni Petrelli","twitter_card":"summary_large_image","twitter_creator":"@strategie3srls@gmail.com","twitter_site":"@filcacisl","twitter_misc":{"Scritto da":"Vanni Petrelli","Tempo di lettura stimato":"2 minuti"},"schema":{"@context":"https:\/\/schema.org","@graph":[{"@type":"Article","@id":"https:\/\/www.filcacisl.it\/sindacato\/filca-milano-in-segreteria-entra-roberto-scotti\/#article","isPartOf":{"@id":"https:\/\/www.filcacisl.it\/sindacato\/filca-milano-in-segreteria-entra-roberto-scotti\/"},"author":{"name":"Vanni Petrelli","@id":"https:\/\/www.filcacisl.it\/sindacato\/#\/schema\/person\/e71a39dcbb4e2d46dd1f4ea8c68e6369"},"headline":"FILCA MILANO, IN SEGRETERIA ENTRA ROBERTO SCOTTI","datePublished":"2017-12-13T14:32:39+00:00","mainEntityOfPage":{"@id":"https:\/\/www.filcacisl.it\/sindacato\/filca-milano-in-segreteria-entra-roberto-scotti\/"},"wordCount":311,"publisher":{"@id":"https:\/\/www.filcacisl.it\/sindacato\/#organization"},"image":{"@id":"https:\/\/www.filcacisl.it\/sindacato\/filca-milano-in-segreteria-entra-roberto-scotti\/#primaryimage"},"thumbnailUrl":"https:\/\/www.filcacisl.it\/sindacato\/wp-content\/uploads\/2017\/12\/DSC7969-300x200.jpg","articleSection":["Filca - Dal territorio"],"inLanguage":"it-IT"},{"@type":"WebPage","@id":"https:\/\/www.filcacisl.it\/sindacato\/filca-milano-in-segreteria-entra-roberto-scotti\/","url":"https:\/\/www.filcacisl.it\/sindacato\/filca-milano-in-segreteria-entra-roberto-scotti\/","name":"FILCA MILANO, IN SEGRETERIA ENTRA ROBERTO SCOTTI - Filca CISL","isPartOf":{"@id":"https:\/\/www.filcacisl.it\/sindacato\/#website"},"primaryImageOfPage":{"@id":"https:\/\/www.filcacisl.it\/sindacato\/filca-milano-in-segreteria-entra-roberto-scotti\/#primaryimage"},"image":{"@id":"https:\/\/www.filcacisl.it\/sindacato\/filca-milano-in-segreteria-entra-roberto-scotti\/#primaryimage"},"thumbnailUrl":"https:\/\/www.filcacisl.it\/sindacato\/wp-content\/uploads\/2017\/12\/DSC7969-300x200.jpg","datePublished":"2017-12-13T14:32:39+00:00","breadcrumb":{"@id":"https:\/\/www.filcacisl.it\/sindacato\/filca-milano-in-segreteria-entra-roberto-scotti\/#breadcrumb"},"inLanguage":"it-IT","potentialAction":[{"@type":"ReadAction","target":["https:\/\/www.filcacisl.it\/sindacato\/filca-milano-in-segreteria-entra-roberto-scotti\/"]}]},{"@type":"ImageObject","inLanguage":"it-IT","@id":"https:\/\/www.filcacisl.it\/sindacato\/filca-milano-in-segreteria-entra-roberto-scotti\/#primaryimage","url":"https:\/\/www.filcacisl.it\/sindacato\/wp-content\/uploads\/2017\/12\/DSC7969-300x200.jpg","contentUrl":"https:\/\/www.filcacisl.it\/sindacato\/wp-content\/uploads\/2017\/12\/DSC7969-300x200.jpg"},{"@type":"BreadcrumbList","@id":"https:\/\/www.filcacisl.it\/sindacato\/filca-milano-in-segreteria-entra-roberto-scotti\/#breadcrumb","itemListElement":[{"@type":"ListItem","position":1,"name":"Home","item":"https:\/\/www.filcacisl.it\/sindacato\/"},{"@type":"ListItem","position":2,"name":"FILCA MILANO, IN SEGRETERIA ENTRA ROBERTO SCOTTI"}]},{"@type":"WebSite","@id":"https:\/\/www.filcacisl.it\/sindacato\/#website","url":"https:\/\/www.filcacisl.it\/sindacato\/","name":"Filca CISL","description":"Federazione Italiana Lavoratori Costruzioni e Affini","publisher":{"@id":"https:\/\/www.filcacisl.it\/sindacato\/#organization"},"potentialAction":[{"@type":"SearchAction","target":{"@type":"EntryPoint","urlTemplate":"https:\/\/www.filcacisl.it\/sindacato\/?s={search_term_string}"},"query-input":{"@type":"PropertyValueSpecification","valueRequired":true,"valueName":"search_term_string"}}],"inLanguage":"it-IT"},{"@type":"Organization","@id":"https:\/\/www.filcacisl.it\/sindacato\/#organization","name":"FILCA CISL","url":"https:\/\/www.filcacisl.it\/sindacato\/","logo":{"@type":"ImageObject","inLanguage":"it-IT","@id":"https:\/\/www.filcacisl.it\/sindacato\/#\/schema\/logo\/image\/","url":"https:\/\/www.filcacisl.it\/sindacato\/wp-content\/uploads\/2022\/01\/cropped-logo-filca-new.jpg","contentUrl":"https:\/\/www.filcacisl.it\/sindacato\/wp-content\/uploads\/2022\/01\/cropped-logo-filca-new.jpg","width":2048,"height":586,"caption":"FILCA CISL"},"image":{"@id":"https:\/\/www.filcacisl.it\/sindacato\/#\/schema\/logo\/image\/"},"sameAs":["https:\/\/www.facebook.com\/Filca-Cisl-nazionale-308470056393070\/","https:\/\/x.com\/filcacisl"]},{"@type":"Person","@id":"https:\/\/www.filcacisl.it\/sindacato\/#\/schema\/person\/e71a39dcbb4e2d46dd1f4ea8c68e6369","name":"Vanni Petrelli","image":{"@type":"ImageObject","inLanguage":"it-IT","@id":"https:\/\/secure.gravatar.com\/avatar\/babadadf206e9691570a5abffb95bee052ff5c84adf1e10895877bc756a453cc?s=96&d=mm&r=g","url":"https:\/\/secure.gravatar.com\/avatar\/babadadf206e9691570a5abffb95bee052ff5c84adf1e10895877bc756a453cc?s=96&d=mm&r=g","contentUrl":"https:\/\/secure.gravatar.com\/avatar\/babadadf206e9691570a5abffb95bee052ff5c84adf1e10895877bc756a453cc?s=96&d=mm&r=g","caption":"Vanni Petrelli"},"sameAs":["https:\/\/x.com\/strategie3srls@gmail.com"],"url":"https:\/\/www.filcacisl.it\/sindacato\/author\/redazione\/"}]}},"_links":{"self":[{"href":"https:\/\/www.filcacisl.it\/sindacato\/wp-json\/wp\/v2\/posts\/37373","targetHints":{"allow":["GET"]}}],"collection":[{"href":"https:\/\/www.filcacisl.it\/sindacato\/wp-json\/wp\/v2\/posts"}],"about":[{"href":"https:\/\/www.filcacisl.it\/sindacato\/wp-json\/wp\/v2\/types\/post"}],"author":[{"embeddable":true,"href":"https:\/\/www.filcacisl.it\/sindacato\/wp-json\/wp\/v2\/users\/11"}],"replies":[{"embeddable":true,"href":"https:\/\/www.filcacisl.it\/sindacato\/wp-json\/wp\/v2\/comments?post=37373"}],"version-history":[{"count":0,"href":"https:\/\/www.filcacisl.it\/sindacato\/wp-json\/wp\/v2\/posts\/37373\/revisions"}],"wp:attachment":[{"href":"https:\/\/www.filcacisl.it\/sindacato\/wp-json\/wp\/v2\/media?parent=37373"}],"wp:term":[{"taxonomy":"category","embeddable":true,"href":"https:\/\/www.filcacisl.it\/sindacato\/wp-json\/wp\/v2\/categories?post=37373"},{"taxonomy":"post_tag","embeddable":true,"href":"https:\/\/www.filcacisl.it\/sindacato\/wp-json\/wp\/v2\/tags?post=37373"}],"curies":[{"name":"wp","href":"https:\/\/api.w.org\/{rel}","templated":true}]}}