{"id":37096,"date":"2017-10-25T11:55:04","date_gmt":"2017-10-25T09:55:04","guid":{"rendered":"https:\/\/www.filcacisl.it\/sindacato\/?p=37096"},"modified":"2017-10-25T11:55:04","modified_gmt":"2017-10-25T09:55:04","slug":"direttiva-su-distacco-lavoratori-in-ue-macale-passo-importante-contro-abusi-e-frodi","status":"publish","type":"post","link":"https:\/\/www.filcacisl.it\/sindacato\/direttiva-su-distacco-lavoratori-in-ue-macale-passo-importante-contro-abusi-e-frodi\/","title":{"rendered":"DIRETTIVA SU DISTACCO LAVORATORI IN UE, MACALE: &#8220;PASSO IMPORTANTE CONTRO ABUSI E FRODI&#8221;"},"content":{"rendered":"<p>\u201cLa nuova direttiva che regolamenta il distacco dei lavoratori nell\u2019Unione Europea, approvata nella notte a Lussemburgo, non ci soddisfa ancora pienamente ma \u00e8 indubbio che rappresenti un passo importante nel contrastare abusi e frodi a danno dei lavoratori e dei&nbsp;sistemi previdenziali e assistenziali\u201d. Lo ha dichiarato il segretario della Filca-Cisl nazionale, Stefano Macale, commentando l\u2019accordo raggiunto dai Ventotto ministri del Lavoro dell\u2019Ue, che ora dovr\u00e0 essere approvato dal Parlamento europeo.<br \/>\n\u201cLa nuova direttiva &#8211; spiega Macale \u2013 non limita affatto la libera circolazione di uomini e merci, ma limita invece gli effetti nefasti della normativa precedente sul distacco dei lavoratori un Paese membro, in vigore dal 1996, imponendo ad esempio l\u2019applicazione dei contratti nazionali di lavoro e delle relative retribuzioni e indennit\u00e0. In questi giorni \u2013 prosegue il segretario della Filca nazionale &#8211; siamo riuniti a Bruxelles con il Comitato permanente edilizia, proprio perch\u00e9 i sindacati edili europei ritengono la sfida sul distacco prioritaria per una Europa solidale e giusta, soprattutto per i lavoratori edili. Per questi ultimi, in particolare, i costi previdenziali e salariali nei paesi dell\u2019Est sono assai pi\u00f9 bassi dei Paesi dell\u2019Ovest, circostanza che porta ad un vero e proprio dumping sociale a danno degli stessi lavoratori e delle aziende dei Paesi in cui i costi sono pi\u00f9 elevati, rischiando di innescare una pericolosa lotta tra lavoratori e creare fasce di disoccupazione nei Paesi con condizioni migliori&#8221;.<br \/>\n&#8220;La nuova direttiva, tra le altre cose, riduce a 12 i mesi previsti per la durata del distacco e stabilisce che la societ\u00e0 dovr\u00e0 versare al proprio lavoratore tutti i bonus e le indennit\u00e0, dalla tredicesima al premio d\u2019anzianit\u00e0, previsti dal Paese del distacco. Non \u00e8 la prima volta che la direttiva del 1996 subisce modifiche, ma l\u2019attuazione di una vera giustizia sociale per i lavoratori edili non \u00e8 stata ancora raggiunta, \u00e8 una sfida importante che \u00e8 necessario vincere quanto prima\u201d, ha concluso Macale. &nbsp;<\/p>\n","protected":false},"excerpt":{"rendered":"<p>Per il segretario della Filca nazionale si rischia sempre di innescare una pericolosa lotta tra lavoratori e creare fasce di disoccupazione nei Paesi con condizioni migliori<\/p>\n","protected":false},"author":11,"featured_media":18276,"comment_status":"closed","ping_status":"closed","sticky":false,"template":"","format":"standard","meta":{"cybocfi_hide_featured_image":"","footnotes":""},"categories":[19],"tags":[],"class_list":["post-37096","post","type-post","status-publish","format-standard","has-post-thumbnail","hentry","category-mondo-filca"],"yoast_head":"<!-- This site is optimized with the Yoast SEO plugin v28.4 - https:\/\/yoast.com\/product\/yoast-seo-wordpress\/ -->\n<title>DIRETTIVA SU DISTACCO LAVORATORI IN UE, MACALE: &quot;PASSO IMPORTANTE CONTRO ABUSI E FRODI&quot; - Filca CISL<\/title>\n<meta name=\"robots\" content=\"index, follow, max-snippet:-1, max-image-preview:large, max-video-preview:-1\" \/>\n<link rel=\"canonical\" href=\"https:\/\/www.filcacisl.it\/sindacato\/direttiva-su-distacco-lavoratori-in-ue-macale-passo-importante-contro-abusi-e-frodi\/\" \/>\n<meta property=\"og:locale\" content=\"it_IT\" \/>\n<meta property=\"og:type\" content=\"article\" \/>\n<meta property=\"og:title\" content=\"DIRETTIVA SU DISTACCO LAVORATORI IN UE, MACALE: &quot;PASSO IMPORTANTE CONTRO ABUSI E FRODI&quot; - Filca CISL\" \/>\n<meta property=\"og:description\" content=\"Per il segretario della Filca nazionale si rischia sempre di innescare una pericolosa lotta tra lavoratori e creare fasce di disoccupazione nei Paesi con condizioni migliori\" \/>\n<meta property=\"og:url\" content=\"https:\/\/www.filcacisl.it\/sindacato\/direttiva-su-distacco-lavoratori-in-ue-macale-passo-importante-contro-abusi-e-frodi\/\" \/>\n<meta property=\"og:site_name\" content=\"Filca CISL\" \/>\n<meta property=\"article:publisher\" content=\"https:\/\/www.facebook.com\/Filca-Cisl-nazionale-308470056393070\/\" \/>\n<meta property=\"article:published_time\" content=\"2017-10-25T09:55:04+00:00\" \/>\n<meta name=\"author\" content=\"Vanni Petrelli\" \/>\n<meta name=\"twitter:card\" content=\"summary_large_image\" \/>\n<meta name=\"twitter:creator\" content=\"@strategie3srls@gmail.com\" \/>\n<meta name=\"twitter:site\" content=\"@filcacisl\" \/>\n<meta name=\"twitter:label1\" content=\"Scritto da\" \/>\n\t<meta name=\"twitter:data1\" content=\"Vanni Petrelli\" \/>\n\t<meta name=\"twitter:label2\" content=\"Tempo di lettura stimato\" \/>\n\t<meta name=\"twitter:data2\" content=\"2 minuti\" \/>\n<script type=\"application\/ld+json\" class=\"yoast-schema-graph\">{\"@context\":\"https:\\\/\\\/schema.org\",\"@graph\":[{\"@type\":\"Article\",\"@id\":\"https:\\\/\\\/www.filcacisl.it\\\/sindacato\\\/direttiva-su-distacco-lavoratori-in-ue-macale-passo-importante-contro-abusi-e-frodi\\\/#article\",\"isPartOf\":{\"@id\":\"https:\\\/\\\/www.filcacisl.it\\\/sindacato\\\/direttiva-su-distacco-lavoratori-in-ue-macale-passo-importante-contro-abusi-e-frodi\\\/\"},\"author\":{\"name\":\"Vanni Petrelli\",\"@id\":\"https:\\\/\\\/www.filcacisl.it\\\/sindacato\\\/#\\\/schema\\\/person\\\/e71a39dcbb4e2d46dd1f4ea8c68e6369\"},\"headline\":\"DIRETTIVA SU DISTACCO LAVORATORI IN UE, MACALE: &#8220;PASSO IMPORTANTE CONTRO ABUSI E FRODI&#8221;\",\"datePublished\":\"2017-10-25T09:55:04+00:00\",\"mainEntityOfPage\":{\"@id\":\"https:\\\/\\\/www.filcacisl.it\\\/sindacato\\\/direttiva-su-distacco-lavoratori-in-ue-macale-passo-importante-contro-abusi-e-frodi\\\/\"},\"wordCount\":329,\"publisher\":{\"@id\":\"https:\\\/\\\/www.filcacisl.it\\\/sindacato\\\/#organization\"},\"image\":{\"@id\":\"https:\\\/\\\/www.filcacisl.it\\\/sindacato\\\/direttiva-su-distacco-lavoratori-in-ue-macale-passo-importante-contro-abusi-e-frodi\\\/#primaryimage\"},\"thumbnailUrl\":\"\",\"articleSection\":[\"Mondo Filca\"],\"inLanguage\":\"it-IT\"},{\"@type\":\"WebPage\",\"@id\":\"https:\\\/\\\/www.filcacisl.it\\\/sindacato\\\/direttiva-su-distacco-lavoratori-in-ue-macale-passo-importante-contro-abusi-e-frodi\\\/\",\"url\":\"https:\\\/\\\/www.filcacisl.it\\\/sindacato\\\/direttiva-su-distacco-lavoratori-in-ue-macale-passo-importante-contro-abusi-e-frodi\\\/\",\"name\":\"DIRETTIVA SU DISTACCO LAVORATORI IN UE, MACALE: \\\"PASSO IMPORTANTE CONTRO ABUSI E FRODI\\\" - Filca CISL\",\"isPartOf\":{\"@id\":\"https:\\\/\\\/www.filcacisl.it\\\/sindacato\\\/#website\"},\"primaryImageOfPage\":{\"@id\":\"https:\\\/\\\/www.filcacisl.it\\\/sindacato\\\/direttiva-su-distacco-lavoratori-in-ue-macale-passo-importante-contro-abusi-e-frodi\\\/#primaryimage\"},\"image\":{\"@id\":\"https:\\\/\\\/www.filcacisl.it\\\/sindacato\\\/direttiva-su-distacco-lavoratori-in-ue-macale-passo-importante-contro-abusi-e-frodi\\\/#primaryimage\"},\"thumbnailUrl\":\"\",\"datePublished\":\"2017-10-25T09:55:04+00:00\",\"breadcrumb\":{\"@id\":\"https:\\\/\\\/www.filcacisl.it\\\/sindacato\\\/direttiva-su-distacco-lavoratori-in-ue-macale-passo-importante-contro-abusi-e-frodi\\\/#breadcrumb\"},\"inLanguage\":\"it-IT\",\"potentialAction\":[{\"@type\":\"ReadAction\",\"target\":[\"https:\\\/\\\/www.filcacisl.it\\\/sindacato\\\/direttiva-su-distacco-lavoratori-in-ue-macale-passo-importante-contro-abusi-e-frodi\\\/\"]}]},{\"@type\":\"ImageObject\",\"inLanguage\":\"it-IT\",\"@id\":\"https:\\\/\\\/www.filcacisl.it\\\/sindacato\\\/direttiva-su-distacco-lavoratori-in-ue-macale-passo-importante-contro-abusi-e-frodi\\\/#primaryimage\",\"url\":\"\",\"contentUrl\":\"\"},{\"@type\":\"BreadcrumbList\",\"@id\":\"https:\\\/\\\/www.filcacisl.it\\\/sindacato\\\/direttiva-su-distacco-lavoratori-in-ue-macale-passo-importante-contro-abusi-e-frodi\\\/#breadcrumb\",\"itemListElement\":[{\"@type\":\"ListItem\",\"position\":1,\"name\":\"Home\",\"item\":\"https:\\\/\\\/www.filcacisl.it\\\/sindacato\\\/\"},{\"@type\":\"ListItem\",\"position\":2,\"name\":\"DIRETTIVA SU DISTACCO LAVORATORI IN UE, MACALE: &#8220;PASSO IMPORTANTE CONTRO ABUSI E FRODI&#8221;\"}]},{\"@type\":\"WebSite\",\"@id\":\"https:\\\/\\\/www.filcacisl.it\\\/sindacato\\\/#website\",\"url\":\"https:\\\/\\\/www.filcacisl.it\\\/sindacato\\\/\",\"name\":\"Filca CISL\",\"description\":\"Federazione Italiana Lavoratori Costruzioni e Affini\",\"publisher\":{\"@id\":\"https:\\\/\\\/www.filcacisl.it\\\/sindacato\\\/#organization\"},\"potentialAction\":[{\"@type\":\"SearchAction\",\"target\":{\"@type\":\"EntryPoint\",\"urlTemplate\":\"https:\\\/\\\/www.filcacisl.it\\\/sindacato\\\/?s={search_term_string}\"},\"query-input\":{\"@type\":\"PropertyValueSpecification\",\"valueRequired\":true,\"valueName\":\"search_term_string\"}}],\"inLanguage\":\"it-IT\"},{\"@type\":\"Organization\",\"@id\":\"https:\\\/\\\/www.filcacisl.it\\\/sindacato\\\/#organization\",\"name\":\"FILCA CISL\",\"url\":\"https:\\\/\\\/www.filcacisl.it\\\/sindacato\\\/\",\"logo\":{\"@type\":\"ImageObject\",\"inLanguage\":\"it-IT\",\"@id\":\"https:\\\/\\\/www.filcacisl.it\\\/sindacato\\\/#\\\/schema\\\/logo\\\/image\\\/\",\"url\":\"https:\\\/\\\/www.filcacisl.it\\\/sindacato\\\/wp-content\\\/uploads\\\/2022\\\/01\\\/cropped-logo-filca-new.jpg\",\"contentUrl\":\"https:\\\/\\\/www.filcacisl.it\\\/sindacato\\\/wp-content\\\/uploads\\\/2022\\\/01\\\/cropped-logo-filca-new.jpg\",\"width\":2048,\"height\":586,\"caption\":\"FILCA CISL\"},\"image\":{\"@id\":\"https:\\\/\\\/www.filcacisl.it\\\/sindacato\\\/#\\\/schema\\\/logo\\\/image\\\/\"},\"sameAs\":[\"https:\\\/\\\/www.facebook.com\\\/Filca-Cisl-nazionale-308470056393070\\\/\",\"https:\\\/\\\/x.com\\\/filcacisl\"]},{\"@type\":\"Person\",\"@id\":\"https:\\\/\\\/www.filcacisl.it\\\/sindacato\\\/#\\\/schema\\\/person\\\/e71a39dcbb4e2d46dd1f4ea8c68e6369\",\"name\":\"Vanni Petrelli\",\"image\":{\"@type\":\"ImageObject\",\"inLanguage\":\"it-IT\",\"@id\":\"https:\\\/\\\/secure.gravatar.com\\\/avatar\\\/babadadf206e9691570a5abffb95bee052ff5c84adf1e10895877bc756a453cc?s=96&d=mm&r=g\",\"url\":\"https:\\\/\\\/secure.gravatar.com\\\/avatar\\\/babadadf206e9691570a5abffb95bee052ff5c84adf1e10895877bc756a453cc?s=96&d=mm&r=g\",\"contentUrl\":\"https:\\\/\\\/secure.gravatar.com\\\/avatar\\\/babadadf206e9691570a5abffb95bee052ff5c84adf1e10895877bc756a453cc?s=96&d=mm&r=g\",\"caption\":\"Vanni Petrelli\"},\"sameAs\":[\"https:\\\/\\\/x.com\\\/strategie3srls@gmail.com\"],\"url\":\"https:\\\/\\\/www.filcacisl.it\\\/sindacato\\\/author\\\/redazione\\\/\"}]}<\/script>\n<!-- \/ Yoast SEO plugin. -->","yoast_head_json":{"title":"DIRETTIVA SU DISTACCO LAVORATORI IN UE, MACALE: \"PASSO IMPORTANTE CONTRO ABUSI E FRODI\" - Filca CISL","robots":{"index":"index","follow":"follow","max-snippet":"max-snippet:-1","max-image-preview":"max-image-preview:large","max-video-preview":"max-video-preview:-1"},"canonical":"https:\/\/www.filcacisl.it\/sindacato\/direttiva-su-distacco-lavoratori-in-ue-macale-passo-importante-contro-abusi-e-frodi\/","og_locale":"it_IT","og_type":"article","og_title":"DIRETTIVA SU DISTACCO LAVORATORI IN UE, MACALE: \"PASSO IMPORTANTE CONTRO ABUSI E FRODI\" - Filca CISL","og_description":"Per il segretario della Filca nazionale si rischia sempre di innescare una pericolosa lotta tra lavoratori e creare fasce di disoccupazione nei Paesi con condizioni migliori","og_url":"https:\/\/www.filcacisl.it\/sindacato\/direttiva-su-distacco-lavoratori-in-ue-macale-passo-importante-contro-abusi-e-frodi\/","og_site_name":"Filca CISL","article_publisher":"https:\/\/www.facebook.com\/Filca-Cisl-nazionale-308470056393070\/","article_published_time":"2017-10-25T09:55:04+00:00","author":"Vanni Petrelli","twitter_card":"summary_large_image","twitter_creator":"@strategie3srls@gmail.com","twitter_site":"@filcacisl","twitter_misc":{"Scritto da":"Vanni Petrelli","Tempo di lettura stimato":"2 minuti"},"schema":{"@context":"https:\/\/schema.org","@graph":[{"@type":"Article","@id":"https:\/\/www.filcacisl.it\/sindacato\/direttiva-su-distacco-lavoratori-in-ue-macale-passo-importante-contro-abusi-e-frodi\/#article","isPartOf":{"@id":"https:\/\/www.filcacisl.it\/sindacato\/direttiva-su-distacco-lavoratori-in-ue-macale-passo-importante-contro-abusi-e-frodi\/"},"author":{"name":"Vanni Petrelli","@id":"https:\/\/www.filcacisl.it\/sindacato\/#\/schema\/person\/e71a39dcbb4e2d46dd1f4ea8c68e6369"},"headline":"DIRETTIVA SU DISTACCO LAVORATORI IN UE, MACALE: &#8220;PASSO IMPORTANTE CONTRO ABUSI E FRODI&#8221;","datePublished":"2017-10-25T09:55:04+00:00","mainEntityOfPage":{"@id":"https:\/\/www.filcacisl.it\/sindacato\/direttiva-su-distacco-lavoratori-in-ue-macale-passo-importante-contro-abusi-e-frodi\/"},"wordCount":329,"publisher":{"@id":"https:\/\/www.filcacisl.it\/sindacato\/#organization"},"image":{"@id":"https:\/\/www.filcacisl.it\/sindacato\/direttiva-su-distacco-lavoratori-in-ue-macale-passo-importante-contro-abusi-e-frodi\/#primaryimage"},"thumbnailUrl":"","articleSection":["Mondo Filca"],"inLanguage":"it-IT"},{"@type":"WebPage","@id":"https:\/\/www.filcacisl.it\/sindacato\/direttiva-su-distacco-lavoratori-in-ue-macale-passo-importante-contro-abusi-e-frodi\/","url":"https:\/\/www.filcacisl.it\/sindacato\/direttiva-su-distacco-lavoratori-in-ue-macale-passo-importante-contro-abusi-e-frodi\/","name":"DIRETTIVA SU DISTACCO LAVORATORI IN UE, MACALE: \"PASSO IMPORTANTE CONTRO ABUSI E FRODI\" - Filca CISL","isPartOf":{"@id":"https:\/\/www.filcacisl.it\/sindacato\/#website"},"primaryImageOfPage":{"@id":"https:\/\/www.filcacisl.it\/sindacato\/direttiva-su-distacco-lavoratori-in-ue-macale-passo-importante-contro-abusi-e-frodi\/#primaryimage"},"image":{"@id":"https:\/\/www.filcacisl.it\/sindacato\/direttiva-su-distacco-lavoratori-in-ue-macale-passo-importante-contro-abusi-e-frodi\/#primaryimage"},"thumbnailUrl":"","datePublished":"2017-10-25T09:55:04+00:00","breadcrumb":{"@id":"https:\/\/www.filcacisl.it\/sindacato\/direttiva-su-distacco-lavoratori-in-ue-macale-passo-importante-contro-abusi-e-frodi\/#breadcrumb"},"inLanguage":"it-IT","potentialAction":[{"@type":"ReadAction","target":["https:\/\/www.filcacisl.it\/sindacato\/direttiva-su-distacco-lavoratori-in-ue-macale-passo-importante-contro-abusi-e-frodi\/"]}]},{"@type":"ImageObject","inLanguage":"it-IT","@id":"https:\/\/www.filcacisl.it\/sindacato\/direttiva-su-distacco-lavoratori-in-ue-macale-passo-importante-contro-abusi-e-frodi\/#primaryimage","url":"","contentUrl":""},{"@type":"BreadcrumbList","@id":"https:\/\/www.filcacisl.it\/sindacato\/direttiva-su-distacco-lavoratori-in-ue-macale-passo-importante-contro-abusi-e-frodi\/#breadcrumb","itemListElement":[{"@type":"ListItem","position":1,"name":"Home","item":"https:\/\/www.filcacisl.it\/sindacato\/"},{"@type":"ListItem","position":2,"name":"DIRETTIVA SU DISTACCO LAVORATORI IN UE, MACALE: &#8220;PASSO IMPORTANTE CONTRO ABUSI E FRODI&#8221;"}]},{"@type":"WebSite","@id":"https:\/\/www.filcacisl.it\/sindacato\/#website","url":"https:\/\/www.filcacisl.it\/sindacato\/","name":"Filca CISL","description":"Federazione Italiana Lavoratori Costruzioni e Affini","publisher":{"@id":"https:\/\/www.filcacisl.it\/sindacato\/#organization"},"potentialAction":[{"@type":"SearchAction","target":{"@type":"EntryPoint","urlTemplate":"https:\/\/www.filcacisl.it\/sindacato\/?s={search_term_string}"},"query-input":{"@type":"PropertyValueSpecification","valueRequired":true,"valueName":"search_term_string"}}],"inLanguage":"it-IT"},{"@type":"Organization","@id":"https:\/\/www.filcacisl.it\/sindacato\/#organization","name":"FILCA CISL","url":"https:\/\/www.filcacisl.it\/sindacato\/","logo":{"@type":"ImageObject","inLanguage":"it-IT","@id":"https:\/\/www.filcacisl.it\/sindacato\/#\/schema\/logo\/image\/","url":"https:\/\/www.filcacisl.it\/sindacato\/wp-content\/uploads\/2022\/01\/cropped-logo-filca-new.jpg","contentUrl":"https:\/\/www.filcacisl.it\/sindacato\/wp-content\/uploads\/2022\/01\/cropped-logo-filca-new.jpg","width":2048,"height":586,"caption":"FILCA CISL"},"image":{"@id":"https:\/\/www.filcacisl.it\/sindacato\/#\/schema\/logo\/image\/"},"sameAs":["https:\/\/www.facebook.com\/Filca-Cisl-nazionale-308470056393070\/","https:\/\/x.com\/filcacisl"]},{"@type":"Person","@id":"https:\/\/www.filcacisl.it\/sindacato\/#\/schema\/person\/e71a39dcbb4e2d46dd1f4ea8c68e6369","name":"Vanni Petrelli","image":{"@type":"ImageObject","inLanguage":"it-IT","@id":"https:\/\/secure.gravatar.com\/avatar\/babadadf206e9691570a5abffb95bee052ff5c84adf1e10895877bc756a453cc?s=96&d=mm&r=g","url":"https:\/\/secure.gravatar.com\/avatar\/babadadf206e9691570a5abffb95bee052ff5c84adf1e10895877bc756a453cc?s=96&d=mm&r=g","contentUrl":"https:\/\/secure.gravatar.com\/avatar\/babadadf206e9691570a5abffb95bee052ff5c84adf1e10895877bc756a453cc?s=96&d=mm&r=g","caption":"Vanni Petrelli"},"sameAs":["https:\/\/x.com\/strategie3srls@gmail.com"],"url":"https:\/\/www.filcacisl.it\/sindacato\/author\/redazione\/"}]}},"_links":{"self":[{"href":"https:\/\/www.filcacisl.it\/sindacato\/wp-json\/wp\/v2\/posts\/37096","targetHints":{"allow":["GET"]}}],"collection":[{"href":"https:\/\/www.filcacisl.it\/sindacato\/wp-json\/wp\/v2\/posts"}],"about":[{"href":"https:\/\/www.filcacisl.it\/sindacato\/wp-json\/wp\/v2\/types\/post"}],"author":[{"embeddable":true,"href":"https:\/\/www.filcacisl.it\/sindacato\/wp-json\/wp\/v2\/users\/11"}],"replies":[{"embeddable":true,"href":"https:\/\/www.filcacisl.it\/sindacato\/wp-json\/wp\/v2\/comments?post=37096"}],"version-history":[{"count":0,"href":"https:\/\/www.filcacisl.it\/sindacato\/wp-json\/wp\/v2\/posts\/37096\/revisions"}],"wp:attachment":[{"href":"https:\/\/www.filcacisl.it\/sindacato\/wp-json\/wp\/v2\/media?parent=37096"}],"wp:term":[{"taxonomy":"category","embeddable":true,"href":"https:\/\/www.filcacisl.it\/sindacato\/wp-json\/wp\/v2\/categories?post=37096"},{"taxonomy":"post_tag","embeddable":true,"href":"https:\/\/www.filcacisl.it\/sindacato\/wp-json\/wp\/v2\/tags?post=37096"}],"curies":[{"name":"wp","href":"https:\/\/api.w.org\/{rel}","templated":true}]}}