{"id":37055,"date":"2017-10-20T11:31:29","date_gmt":"2017-10-20T09:31:29","guid":{"rendered":"https:\/\/www.filcacisl.it\/sindacato\/?p=37055"},"modified":"2017-10-20T11:31:29","modified_gmt":"2017-10-20T09:31:29","slug":"pensioni-macale-su-ape-sociale-inps-vergognoso-intervenga-poletti","status":"publish","type":"post","link":"https:\/\/www.filcacisl.it\/sindacato\/pensioni-macale-su-ape-sociale-inps-vergognoso-intervenga-poletti\/","title":{"rendered":"PENSIONI, MACALE: &#8220;SU APE SOCIALE INPS VERGOGNOSO, INTERVENGA POLETTI&#8221;"},"content":{"rendered":"<p>\u201cIngiusta, sbagliata e inaccettabile\u201d. Il segretario nazionale della Filca-Cisl Stefano Macale bolla cos\u00ec la decisione dell\u2019Inps di respingere quasi il 70% delle domande di Ape sociale ricevute entro il 15 luglio. \u201cMolti di quei richiedenti \u2013 spiega Macale \u2013 sono lavoratori edili che hanno passato una vita nei cantieri, un lavoro durissimo e faticoso. Alimentare le loro speranze e aspettative, per poi utilizzare meri cavilli, come i codici Ateco delle aziende di appartenenza, per negare loro di andare in pensione \u00e8 quanto di pi\u00f9 deprecabile e odioso. Il comportamento dell\u2019Inps \u2013 rincara la dose Macale \u2013 \u00e8 a dir poco vergognoso, e sapere che con i ricorsi una parte di quelle domande respinte sar\u00e0 accolta non cambia lo stato delle cose. Non \u00e8 la prima volta che l\u2019Inps, per mere questioni di cassa, interpreta in modo restrittivo gli accordi, a volte andando anche contro la legge. Bisogna subito fare chiarezze su queste rigidit\u00e0 imposte dall\u2019Inps e dare seguito alla riforma delle pensioni introdotta dal governo, che prevede misure importanti come l\u2019Ape sociale, per le quali ci siamo battuti e sulle quali non intendiamo arretrare di un centimetro, anzi. A questo punto \u2013 prosegue il segretario nazionale della Filca \u2013 chiediamo un intervento netto e risolutivo del ministro Poletti, che anche in questo caso non sapr\u00e0 sottrarsi alle proprie responsabilit\u00e0 e sapr\u00e0 trovare la soluzione a questo pasticcio all\u2019italiana. Anche perch\u00e9 nel frattempo nei cantieri si continua a morire, e oltre il 22% delle vittime \u00e8 ultra sessantenne\u201d, conclude Macale.<\/p>\n","protected":false},"excerpt":{"rendered":"<p>Per il segretario della Filca l&#8217;Inps ha utilizzato cavilli pur di negare la pensione<\/p>\n","protected":false},"author":11,"featured_media":19530,"comment_status":"closed","ping_status":"closed","sticky":false,"template":"","format":"standard","meta":{"cybocfi_hide_featured_image":"","footnotes":""},"categories":[19],"tags":[668,287],"class_list":["post-37055","post","type-post","status-publish","format-standard","has-post-thumbnail","hentry","category-mondo-filca","tag-pensioni","tag-stefano-macale"],"yoast_head":"<!-- This site is optimized with the Yoast SEO plugin v28.4 - https:\/\/yoast.com\/product\/yoast-seo-wordpress\/ -->\n<title>PENSIONI, MACALE: &quot;SU APE SOCIALE INPS VERGOGNOSO, INTERVENGA POLETTI&quot; - Filca CISL<\/title>\n<meta name=\"robots\" content=\"index, follow, max-snippet:-1, max-image-preview:large, max-video-preview:-1\" \/>\n<link rel=\"canonical\" href=\"https:\/\/www.filcacisl.it\/sindacato\/pensioni-macale-su-ape-sociale-inps-vergognoso-intervenga-poletti\/\" \/>\n<meta property=\"og:locale\" content=\"it_IT\" \/>\n<meta property=\"og:type\" content=\"article\" \/>\n<meta property=\"og:title\" content=\"PENSIONI, MACALE: &quot;SU APE SOCIALE INPS VERGOGNOSO, INTERVENGA POLETTI&quot; - Filca CISL\" \/>\n<meta property=\"og:description\" content=\"Per il segretario della Filca l&#039;Inps ha utilizzato cavilli pur di negare la pensione\" \/>\n<meta property=\"og:url\" content=\"https:\/\/www.filcacisl.it\/sindacato\/pensioni-macale-su-ape-sociale-inps-vergognoso-intervenga-poletti\/\" \/>\n<meta property=\"og:site_name\" content=\"Filca CISL\" \/>\n<meta property=\"article:publisher\" content=\"https:\/\/www.facebook.com\/Filca-Cisl-nazionale-308470056393070\/\" \/>\n<meta property=\"article:published_time\" content=\"2017-10-20T09:31:29+00:00\" \/>\n<meta name=\"author\" content=\"Vanni Petrelli\" \/>\n<meta name=\"twitter:card\" content=\"summary_large_image\" \/>\n<meta name=\"twitter:creator\" content=\"@strategie3srls@gmail.com\" \/>\n<meta name=\"twitter:site\" content=\"@filcacisl\" \/>\n<meta name=\"twitter:label1\" content=\"Scritto da\" \/>\n\t<meta name=\"twitter:data1\" content=\"Vanni Petrelli\" \/>\n\t<meta name=\"twitter:label2\" content=\"Tempo di lettura stimato\" \/>\n\t<meta name=\"twitter:data2\" content=\"1 minuto\" \/>\n<script type=\"application\/ld+json\" class=\"yoast-schema-graph\">{\"@context\":\"https:\\\/\\\/schema.org\",\"@graph\":[{\"@type\":\"Article\",\"@id\":\"https:\\\/\\\/www.filcacisl.it\\\/sindacato\\\/pensioni-macale-su-ape-sociale-inps-vergognoso-intervenga-poletti\\\/#article\",\"isPartOf\":{\"@id\":\"https:\\\/\\\/www.filcacisl.it\\\/sindacato\\\/pensioni-macale-su-ape-sociale-inps-vergognoso-intervenga-poletti\\\/\"},\"author\":{\"name\":\"Vanni Petrelli\",\"@id\":\"https:\\\/\\\/www.filcacisl.it\\\/sindacato\\\/#\\\/schema\\\/person\\\/e71a39dcbb4e2d46dd1f4ea8c68e6369\"},\"headline\":\"PENSIONI, MACALE: &#8220;SU APE SOCIALE INPS VERGOGNOSO, INTERVENGA POLETTI&#8221;\",\"datePublished\":\"2017-10-20T09:31:29+00:00\",\"mainEntityOfPage\":{\"@id\":\"https:\\\/\\\/www.filcacisl.it\\\/sindacato\\\/pensioni-macale-su-ape-sociale-inps-vergognoso-intervenga-poletti\\\/\"},\"wordCount\":251,\"publisher\":{\"@id\":\"https:\\\/\\\/www.filcacisl.it\\\/sindacato\\\/#organization\"},\"image\":{\"@id\":\"https:\\\/\\\/www.filcacisl.it\\\/sindacato\\\/pensioni-macale-su-ape-sociale-inps-vergognoso-intervenga-poletti\\\/#primaryimage\"},\"thumbnailUrl\":\"\",\"keywords\":[\"pensioni\",\"stefano macale\"],\"articleSection\":[\"Mondo Filca\"],\"inLanguage\":\"it-IT\"},{\"@type\":\"WebPage\",\"@id\":\"https:\\\/\\\/www.filcacisl.it\\\/sindacato\\\/pensioni-macale-su-ape-sociale-inps-vergognoso-intervenga-poletti\\\/\",\"url\":\"https:\\\/\\\/www.filcacisl.it\\\/sindacato\\\/pensioni-macale-su-ape-sociale-inps-vergognoso-intervenga-poletti\\\/\",\"name\":\"PENSIONI, MACALE: \\\"SU APE SOCIALE INPS VERGOGNOSO, INTERVENGA POLETTI\\\" - Filca CISL\",\"isPartOf\":{\"@id\":\"https:\\\/\\\/www.filcacisl.it\\\/sindacato\\\/#website\"},\"primaryImageOfPage\":{\"@id\":\"https:\\\/\\\/www.filcacisl.it\\\/sindacato\\\/pensioni-macale-su-ape-sociale-inps-vergognoso-intervenga-poletti\\\/#primaryimage\"},\"image\":{\"@id\":\"https:\\\/\\\/www.filcacisl.it\\\/sindacato\\\/pensioni-macale-su-ape-sociale-inps-vergognoso-intervenga-poletti\\\/#primaryimage\"},\"thumbnailUrl\":\"\",\"datePublished\":\"2017-10-20T09:31:29+00:00\",\"breadcrumb\":{\"@id\":\"https:\\\/\\\/www.filcacisl.it\\\/sindacato\\\/pensioni-macale-su-ape-sociale-inps-vergognoso-intervenga-poletti\\\/#breadcrumb\"},\"inLanguage\":\"it-IT\",\"potentialAction\":[{\"@type\":\"ReadAction\",\"target\":[\"https:\\\/\\\/www.filcacisl.it\\\/sindacato\\\/pensioni-macale-su-ape-sociale-inps-vergognoso-intervenga-poletti\\\/\"]}]},{\"@type\":\"ImageObject\",\"inLanguage\":\"it-IT\",\"@id\":\"https:\\\/\\\/www.filcacisl.it\\\/sindacato\\\/pensioni-macale-su-ape-sociale-inps-vergognoso-intervenga-poletti\\\/#primaryimage\",\"url\":\"\",\"contentUrl\":\"\"},{\"@type\":\"BreadcrumbList\",\"@id\":\"https:\\\/\\\/www.filcacisl.it\\\/sindacato\\\/pensioni-macale-su-ape-sociale-inps-vergognoso-intervenga-poletti\\\/#breadcrumb\",\"itemListElement\":[{\"@type\":\"ListItem\",\"position\":1,\"name\":\"Home\",\"item\":\"https:\\\/\\\/www.filcacisl.it\\\/sindacato\\\/\"},{\"@type\":\"ListItem\",\"position\":2,\"name\":\"PENSIONI, MACALE: &#8220;SU APE SOCIALE INPS VERGOGNOSO, INTERVENGA POLETTI&#8221;\"}]},{\"@type\":\"WebSite\",\"@id\":\"https:\\\/\\\/www.filcacisl.it\\\/sindacato\\\/#website\",\"url\":\"https:\\\/\\\/www.filcacisl.it\\\/sindacato\\\/\",\"name\":\"Filca CISL\",\"description\":\"Federazione Italiana Lavoratori Costruzioni e Affini\",\"publisher\":{\"@id\":\"https:\\\/\\\/www.filcacisl.it\\\/sindacato\\\/#organization\"},\"potentialAction\":[{\"@type\":\"SearchAction\",\"target\":{\"@type\":\"EntryPoint\",\"urlTemplate\":\"https:\\\/\\\/www.filcacisl.it\\\/sindacato\\\/?s={search_term_string}\"},\"query-input\":{\"@type\":\"PropertyValueSpecification\",\"valueRequired\":true,\"valueName\":\"search_term_string\"}}],\"inLanguage\":\"it-IT\"},{\"@type\":\"Organization\",\"@id\":\"https:\\\/\\\/www.filcacisl.it\\\/sindacato\\\/#organization\",\"name\":\"FILCA CISL\",\"url\":\"https:\\\/\\\/www.filcacisl.it\\\/sindacato\\\/\",\"logo\":{\"@type\":\"ImageObject\",\"inLanguage\":\"it-IT\",\"@id\":\"https:\\\/\\\/www.filcacisl.it\\\/sindacato\\\/#\\\/schema\\\/logo\\\/image\\\/\",\"url\":\"https:\\\/\\\/www.filcacisl.it\\\/sindacato\\\/wp-content\\\/uploads\\\/2022\\\/01\\\/cropped-logo-filca-new.jpg\",\"contentUrl\":\"https:\\\/\\\/www.filcacisl.it\\\/sindacato\\\/wp-content\\\/uploads\\\/2022\\\/01\\\/cropped-logo-filca-new.jpg\",\"width\":2048,\"height\":586,\"caption\":\"FILCA CISL\"},\"image\":{\"@id\":\"https:\\\/\\\/www.filcacisl.it\\\/sindacato\\\/#\\\/schema\\\/logo\\\/image\\\/\"},\"sameAs\":[\"https:\\\/\\\/www.facebook.com\\\/Filca-Cisl-nazionale-308470056393070\\\/\",\"https:\\\/\\\/x.com\\\/filcacisl\"]},{\"@type\":\"Person\",\"@id\":\"https:\\\/\\\/www.filcacisl.it\\\/sindacato\\\/#\\\/schema\\\/person\\\/e71a39dcbb4e2d46dd1f4ea8c68e6369\",\"name\":\"Vanni Petrelli\",\"image\":{\"@type\":\"ImageObject\",\"inLanguage\":\"it-IT\",\"@id\":\"https:\\\/\\\/secure.gravatar.com\\\/avatar\\\/babadadf206e9691570a5abffb95bee052ff5c84adf1e10895877bc756a453cc?s=96&d=mm&r=g\",\"url\":\"https:\\\/\\\/secure.gravatar.com\\\/avatar\\\/babadadf206e9691570a5abffb95bee052ff5c84adf1e10895877bc756a453cc?s=96&d=mm&r=g\",\"contentUrl\":\"https:\\\/\\\/secure.gravatar.com\\\/avatar\\\/babadadf206e9691570a5abffb95bee052ff5c84adf1e10895877bc756a453cc?s=96&d=mm&r=g\",\"caption\":\"Vanni Petrelli\"},\"sameAs\":[\"https:\\\/\\\/x.com\\\/strategie3srls@gmail.com\"],\"url\":\"https:\\\/\\\/www.filcacisl.it\\\/sindacato\\\/author\\\/redazione\\\/\"}]}<\/script>\n<!-- \/ Yoast SEO plugin. -->","yoast_head_json":{"title":"PENSIONI, MACALE: \"SU APE SOCIALE INPS VERGOGNOSO, INTERVENGA POLETTI\" - Filca CISL","robots":{"index":"index","follow":"follow","max-snippet":"max-snippet:-1","max-image-preview":"max-image-preview:large","max-video-preview":"max-video-preview:-1"},"canonical":"https:\/\/www.filcacisl.it\/sindacato\/pensioni-macale-su-ape-sociale-inps-vergognoso-intervenga-poletti\/","og_locale":"it_IT","og_type":"article","og_title":"PENSIONI, MACALE: \"SU APE SOCIALE INPS VERGOGNOSO, INTERVENGA POLETTI\" - Filca CISL","og_description":"Per il segretario della Filca l'Inps ha utilizzato cavilli pur di negare la pensione","og_url":"https:\/\/www.filcacisl.it\/sindacato\/pensioni-macale-su-ape-sociale-inps-vergognoso-intervenga-poletti\/","og_site_name":"Filca CISL","article_publisher":"https:\/\/www.facebook.com\/Filca-Cisl-nazionale-308470056393070\/","article_published_time":"2017-10-20T09:31:29+00:00","author":"Vanni Petrelli","twitter_card":"summary_large_image","twitter_creator":"@strategie3srls@gmail.com","twitter_site":"@filcacisl","twitter_misc":{"Scritto da":"Vanni Petrelli","Tempo di lettura stimato":"1 minuto"},"schema":{"@context":"https:\/\/schema.org","@graph":[{"@type":"Article","@id":"https:\/\/www.filcacisl.it\/sindacato\/pensioni-macale-su-ape-sociale-inps-vergognoso-intervenga-poletti\/#article","isPartOf":{"@id":"https:\/\/www.filcacisl.it\/sindacato\/pensioni-macale-su-ape-sociale-inps-vergognoso-intervenga-poletti\/"},"author":{"name":"Vanni Petrelli","@id":"https:\/\/www.filcacisl.it\/sindacato\/#\/schema\/person\/e71a39dcbb4e2d46dd1f4ea8c68e6369"},"headline":"PENSIONI, MACALE: &#8220;SU APE SOCIALE INPS VERGOGNOSO, INTERVENGA POLETTI&#8221;","datePublished":"2017-10-20T09:31:29+00:00","mainEntityOfPage":{"@id":"https:\/\/www.filcacisl.it\/sindacato\/pensioni-macale-su-ape-sociale-inps-vergognoso-intervenga-poletti\/"},"wordCount":251,"publisher":{"@id":"https:\/\/www.filcacisl.it\/sindacato\/#organization"},"image":{"@id":"https:\/\/www.filcacisl.it\/sindacato\/pensioni-macale-su-ape-sociale-inps-vergognoso-intervenga-poletti\/#primaryimage"},"thumbnailUrl":"","keywords":["pensioni","stefano macale"],"articleSection":["Mondo Filca"],"inLanguage":"it-IT"},{"@type":"WebPage","@id":"https:\/\/www.filcacisl.it\/sindacato\/pensioni-macale-su-ape-sociale-inps-vergognoso-intervenga-poletti\/","url":"https:\/\/www.filcacisl.it\/sindacato\/pensioni-macale-su-ape-sociale-inps-vergognoso-intervenga-poletti\/","name":"PENSIONI, MACALE: \"SU APE SOCIALE INPS VERGOGNOSO, INTERVENGA POLETTI\" - Filca CISL","isPartOf":{"@id":"https:\/\/www.filcacisl.it\/sindacato\/#website"},"primaryImageOfPage":{"@id":"https:\/\/www.filcacisl.it\/sindacato\/pensioni-macale-su-ape-sociale-inps-vergognoso-intervenga-poletti\/#primaryimage"},"image":{"@id":"https:\/\/www.filcacisl.it\/sindacato\/pensioni-macale-su-ape-sociale-inps-vergognoso-intervenga-poletti\/#primaryimage"},"thumbnailUrl":"","datePublished":"2017-10-20T09:31:29+00:00","breadcrumb":{"@id":"https:\/\/www.filcacisl.it\/sindacato\/pensioni-macale-su-ape-sociale-inps-vergognoso-intervenga-poletti\/#breadcrumb"},"inLanguage":"it-IT","potentialAction":[{"@type":"ReadAction","target":["https:\/\/www.filcacisl.it\/sindacato\/pensioni-macale-su-ape-sociale-inps-vergognoso-intervenga-poletti\/"]}]},{"@type":"ImageObject","inLanguage":"it-IT","@id":"https:\/\/www.filcacisl.it\/sindacato\/pensioni-macale-su-ape-sociale-inps-vergognoso-intervenga-poletti\/#primaryimage","url":"","contentUrl":""},{"@type":"BreadcrumbList","@id":"https:\/\/www.filcacisl.it\/sindacato\/pensioni-macale-su-ape-sociale-inps-vergognoso-intervenga-poletti\/#breadcrumb","itemListElement":[{"@type":"ListItem","position":1,"name":"Home","item":"https:\/\/www.filcacisl.it\/sindacato\/"},{"@type":"ListItem","position":2,"name":"PENSIONI, MACALE: &#8220;SU APE SOCIALE INPS VERGOGNOSO, INTERVENGA POLETTI&#8221;"}]},{"@type":"WebSite","@id":"https:\/\/www.filcacisl.it\/sindacato\/#website","url":"https:\/\/www.filcacisl.it\/sindacato\/","name":"Filca CISL","description":"Federazione Italiana Lavoratori Costruzioni e Affini","publisher":{"@id":"https:\/\/www.filcacisl.it\/sindacato\/#organization"},"potentialAction":[{"@type":"SearchAction","target":{"@type":"EntryPoint","urlTemplate":"https:\/\/www.filcacisl.it\/sindacato\/?s={search_term_string}"},"query-input":{"@type":"PropertyValueSpecification","valueRequired":true,"valueName":"search_term_string"}}],"inLanguage":"it-IT"},{"@type":"Organization","@id":"https:\/\/www.filcacisl.it\/sindacato\/#organization","name":"FILCA CISL","url":"https:\/\/www.filcacisl.it\/sindacato\/","logo":{"@type":"ImageObject","inLanguage":"it-IT","@id":"https:\/\/www.filcacisl.it\/sindacato\/#\/schema\/logo\/image\/","url":"https:\/\/www.filcacisl.it\/sindacato\/wp-content\/uploads\/2022\/01\/cropped-logo-filca-new.jpg","contentUrl":"https:\/\/www.filcacisl.it\/sindacato\/wp-content\/uploads\/2022\/01\/cropped-logo-filca-new.jpg","width":2048,"height":586,"caption":"FILCA CISL"},"image":{"@id":"https:\/\/www.filcacisl.it\/sindacato\/#\/schema\/logo\/image\/"},"sameAs":["https:\/\/www.facebook.com\/Filca-Cisl-nazionale-308470056393070\/","https:\/\/x.com\/filcacisl"]},{"@type":"Person","@id":"https:\/\/www.filcacisl.it\/sindacato\/#\/schema\/person\/e71a39dcbb4e2d46dd1f4ea8c68e6369","name":"Vanni Petrelli","image":{"@type":"ImageObject","inLanguage":"it-IT","@id":"https:\/\/secure.gravatar.com\/avatar\/babadadf206e9691570a5abffb95bee052ff5c84adf1e10895877bc756a453cc?s=96&d=mm&r=g","url":"https:\/\/secure.gravatar.com\/avatar\/babadadf206e9691570a5abffb95bee052ff5c84adf1e10895877bc756a453cc?s=96&d=mm&r=g","contentUrl":"https:\/\/secure.gravatar.com\/avatar\/babadadf206e9691570a5abffb95bee052ff5c84adf1e10895877bc756a453cc?s=96&d=mm&r=g","caption":"Vanni Petrelli"},"sameAs":["https:\/\/x.com\/strategie3srls@gmail.com"],"url":"https:\/\/www.filcacisl.it\/sindacato\/author\/redazione\/"}]}},"_links":{"self":[{"href":"https:\/\/www.filcacisl.it\/sindacato\/wp-json\/wp\/v2\/posts\/37055","targetHints":{"allow":["GET"]}}],"collection":[{"href":"https:\/\/www.filcacisl.it\/sindacato\/wp-json\/wp\/v2\/posts"}],"about":[{"href":"https:\/\/www.filcacisl.it\/sindacato\/wp-json\/wp\/v2\/types\/post"}],"author":[{"embeddable":true,"href":"https:\/\/www.filcacisl.it\/sindacato\/wp-json\/wp\/v2\/users\/11"}],"replies":[{"embeddable":true,"href":"https:\/\/www.filcacisl.it\/sindacato\/wp-json\/wp\/v2\/comments?post=37055"}],"version-history":[{"count":0,"href":"https:\/\/www.filcacisl.it\/sindacato\/wp-json\/wp\/v2\/posts\/37055\/revisions"}],"wp:attachment":[{"href":"https:\/\/www.filcacisl.it\/sindacato\/wp-json\/wp\/v2\/media?parent=37055"}],"wp:term":[{"taxonomy":"category","embeddable":true,"href":"https:\/\/www.filcacisl.it\/sindacato\/wp-json\/wp\/v2\/categories?post=37055"},{"taxonomy":"post_tag","embeddable":true,"href":"https:\/\/www.filcacisl.it\/sindacato\/wp-json\/wp\/v2\/tags?post=37055"}],"curies":[{"name":"wp","href":"https:\/\/api.w.org\/{rel}","templated":true}]}}