{"id":14952,"date":"2012-05-04T10:37:07","date_gmt":"2012-05-04T08:37:07","guid":{"rendered":"http:\/\/www.filcacisl.it\/sindacato\/?p=14952"},"modified":"2012-05-04T10:37:07","modified_gmt":"2012-05-04T08:37:07","slug":"bologna-partita-la-marcia-delle-vedove-bianche","status":"publish","type":"post","link":"https:\/\/www.filcacisl.it\/sindacato\/bologna-partita-la-marcia-delle-vedove-bianche\/","title":{"rendered":"BOLOGNA, PARTITA LA MARCIA DELLE &#8220;VEDOVE BIANCHE&#8221;"},"content":{"rendered":"<p>\u00c8 in corso a Bologna la manifestazione organizzata dalle vedove delle persone che si sono tolte la vita a causa della crisi economica. La manifestazione, che prevede una marcia dall\u2019ospedale cittadino fino alla sede dell&#8217;agenzia delle Entrate, \u00e8 stata organizzata da Elisabetta Bianchi, figlia di un imprenditore, e da Tiziana Marrone, la moglie di Giuseppe Campaniello, l&#8217;artigiano che si e&#8217; dato fuoco lo scorso 28 marzo per debiti con il fisco. Alla manifestazione non sono presenti simboli politici e durante la breve marcia vi saranno solo drappi bianchi. Anche per questo la manifestazione \u00e8 stata ribattezzata la marcia delle vedove bianche. Nel corteo \u00e8 presente anche una delegazione dell\u2019associazione \u201cSperanzaallavoro\u201d, costituita dalla Filca-Cisl, da Adiconsum e dai familiari delle vittime: \u201cBisogna stare attenti \u2013 ammonisce Domenico Pesenti, segretario generale della Filca-Cisl \u2013 a non scaricare su cause specifiche un problema che invece \u00e8 pi\u00f9 generale. Bisogna chiedere alle banche di tornare a fare il loro mestiere, che \u00e8 quello di concedere prestiti alle imprese, che oggi sono in forti difficolt\u00e0 per la mancanza di liquidit\u00e0. La nostra proposta \u00e8 quella di mettere in moto meccanismi per riavviare il credito anche con interventi specifici, come i fondi per il sovraindebitamento o fondi ad hoc per le imprese o per i lavoratori in difficolt\u00e0 economiche\u201d, conclude Pesenti.<\/p>\n","protected":false},"excerpt":{"rendered":"<p>All&#8217;iniziativa, organizzata dalle vedove delle persone che si sono tolte la vita a causa della crisi economica, partecipa anche una delegazione dell&#8217;associazione &#8220;Speranzaallavoro&#8221;, costituita dalla Filca-Cisl, dall&#8217;Adiconsum e dai familiari delle vittime<\/p>\n","protected":false},"author":11,"featured_media":0,"comment_status":"open","ping_status":"open","sticky":false,"template":"","format":"standard","meta":{"cybocfi_hide_featured_image":"","footnotes":""},"categories":[31,18],"tags":[1166,1188,86,73,1189,1173,1190,1171],"class_list":["post-14952","post","type-post","status-publish","format-standard","hentry","category-attualita","category-legalita-temi","tag-adiconsum","tag-agenzia-entrate","tag-domenico-pesenti","tag-filca-cisl","tag-marcia-vedove-bianche","tag-speranza-al-lavoro","tag-speranzaallavoro","tag-suicidi-per-crisi"],"yoast_head":"<!-- This site is optimized with the Yoast SEO plugin v28.4 - https:\/\/yoast.com\/product\/yoast-seo-wordpress\/ -->\n<title>BOLOGNA, PARTITA LA MARCIA DELLE &quot;VEDOVE BIANCHE&quot; - Filca CISL<\/title>\n<meta name=\"robots\" content=\"index, follow, max-snippet:-1, max-image-preview:large, max-video-preview:-1\" \/>\n<link rel=\"canonical\" href=\"https:\/\/www.filcacisl.it\/sindacato\/bologna-partita-la-marcia-delle-vedove-bianche\/\" \/>\n<meta property=\"og:locale\" content=\"it_IT\" \/>\n<meta property=\"og:type\" content=\"article\" \/>\n<meta property=\"og:title\" content=\"BOLOGNA, PARTITA LA MARCIA DELLE &quot;VEDOVE BIANCHE&quot; - Filca CISL\" \/>\n<meta property=\"og:description\" content=\"All&#039;iniziativa, organizzata dalle vedove delle persone che si sono tolte la vita a causa della crisi economica, partecipa anche una delegazione dell&#039;associazione &quot;Speranzaallavoro&quot;, costituita dalla Filca-Cisl, dall&#039;Adiconsum e dai familiari delle vittime\" \/>\n<meta property=\"og:url\" content=\"https:\/\/www.filcacisl.it\/sindacato\/bologna-partita-la-marcia-delle-vedove-bianche\/\" \/>\n<meta property=\"og:site_name\" content=\"Filca CISL\" \/>\n<meta property=\"article:publisher\" content=\"https:\/\/www.facebook.com\/Filca-Cisl-nazionale-308470056393070\/\" \/>\n<meta property=\"article:published_time\" content=\"2012-05-04T08:37:07+00:00\" \/>\n<meta name=\"author\" content=\"Vanni Petrelli\" \/>\n<meta name=\"twitter:card\" content=\"summary_large_image\" \/>\n<meta name=\"twitter:creator\" content=\"@strategie3srls@gmail.com\" \/>\n<meta name=\"twitter:site\" content=\"@filcacisl\" \/>\n<meta name=\"twitter:label1\" content=\"Scritto da\" \/>\n\t<meta name=\"twitter:data1\" content=\"Vanni Petrelli\" \/>\n\t<meta name=\"twitter:label2\" content=\"Tempo di lettura stimato\" \/>\n\t<meta name=\"twitter:data2\" content=\"1 minuto\" \/>\n<script type=\"application\/ld+json\" class=\"yoast-schema-graph\">{\"@context\":\"https:\\\/\\\/schema.org\",\"@graph\":[{\"@type\":\"Article\",\"@id\":\"https:\\\/\\\/www.filcacisl.it\\\/sindacato\\\/bologna-partita-la-marcia-delle-vedove-bianche\\\/#article\",\"isPartOf\":{\"@id\":\"https:\\\/\\\/www.filcacisl.it\\\/sindacato\\\/bologna-partita-la-marcia-delle-vedove-bianche\\\/\"},\"author\":{\"name\":\"Vanni Petrelli\",\"@id\":\"https:\\\/\\\/www.filcacisl.it\\\/sindacato\\\/#\\\/schema\\\/person\\\/e71a39dcbb4e2d46dd1f4ea8c68e6369\"},\"headline\":\"BOLOGNA, PARTITA LA MARCIA DELLE &#8220;VEDOVE BIANCHE&#8221;\",\"datePublished\":\"2012-05-04T08:37:07+00:00\",\"mainEntityOfPage\":{\"@id\":\"https:\\\/\\\/www.filcacisl.it\\\/sindacato\\\/bologna-partita-la-marcia-delle-vedove-bianche\\\/\"},\"wordCount\":216,\"commentCount\":0,\"publisher\":{\"@id\":\"https:\\\/\\\/www.filcacisl.it\\\/sindacato\\\/#organization\"},\"keywords\":[\"adiconsum\",\"agenzia entrate\",\"Domenico Pesenti\",\"Filca CISL\",\"marcia vedove bianche\",\"SPERANZA AL LAVORO\",\"speranzaallavoro\",\"suicidi per crisi\"],\"articleSection\":[\"Attualit\u00e0\",\"Legalit\u00e0 e Mercato del Lavoro\"],\"inLanguage\":\"it-IT\",\"potentialAction\":[{\"@type\":\"CommentAction\",\"name\":\"Comment\",\"target\":[\"https:\\\/\\\/www.filcacisl.it\\\/sindacato\\\/bologna-partita-la-marcia-delle-vedove-bianche\\\/#respond\"]}]},{\"@type\":\"WebPage\",\"@id\":\"https:\\\/\\\/www.filcacisl.it\\\/sindacato\\\/bologna-partita-la-marcia-delle-vedove-bianche\\\/\",\"url\":\"https:\\\/\\\/www.filcacisl.it\\\/sindacato\\\/bologna-partita-la-marcia-delle-vedove-bianche\\\/\",\"name\":\"BOLOGNA, PARTITA LA MARCIA DELLE \\\"VEDOVE BIANCHE\\\" - Filca CISL\",\"isPartOf\":{\"@id\":\"https:\\\/\\\/www.filcacisl.it\\\/sindacato\\\/#website\"},\"datePublished\":\"2012-05-04T08:37:07+00:00\",\"breadcrumb\":{\"@id\":\"https:\\\/\\\/www.filcacisl.it\\\/sindacato\\\/bologna-partita-la-marcia-delle-vedove-bianche\\\/#breadcrumb\"},\"inLanguage\":\"it-IT\",\"potentialAction\":[{\"@type\":\"ReadAction\",\"target\":[\"https:\\\/\\\/www.filcacisl.it\\\/sindacato\\\/bologna-partita-la-marcia-delle-vedove-bianche\\\/\"]}]},{\"@type\":\"BreadcrumbList\",\"@id\":\"https:\\\/\\\/www.filcacisl.it\\\/sindacato\\\/bologna-partita-la-marcia-delle-vedove-bianche\\\/#breadcrumb\",\"itemListElement\":[{\"@type\":\"ListItem\",\"position\":1,\"name\":\"Home\",\"item\":\"https:\\\/\\\/www.filcacisl.it\\\/sindacato\\\/\"},{\"@type\":\"ListItem\",\"position\":2,\"name\":\"BOLOGNA, PARTITA LA MARCIA DELLE &#8220;VEDOVE BIANCHE&#8221;\"}]},{\"@type\":\"WebSite\",\"@id\":\"https:\\\/\\\/www.filcacisl.it\\\/sindacato\\\/#website\",\"url\":\"https:\\\/\\\/www.filcacisl.it\\\/sindacato\\\/\",\"name\":\"Filca CISL\",\"description\":\"Federazione Italiana Lavoratori Costruzioni e Affini\",\"publisher\":{\"@id\":\"https:\\\/\\\/www.filcacisl.it\\\/sindacato\\\/#organization\"},\"potentialAction\":[{\"@type\":\"SearchAction\",\"target\":{\"@type\":\"EntryPoint\",\"urlTemplate\":\"https:\\\/\\\/www.filcacisl.it\\\/sindacato\\\/?s={search_term_string}\"},\"query-input\":{\"@type\":\"PropertyValueSpecification\",\"valueRequired\":true,\"valueName\":\"search_term_string\"}}],\"inLanguage\":\"it-IT\"},{\"@type\":\"Organization\",\"@id\":\"https:\\\/\\\/www.filcacisl.it\\\/sindacato\\\/#organization\",\"name\":\"FILCA CISL\",\"url\":\"https:\\\/\\\/www.filcacisl.it\\\/sindacato\\\/\",\"logo\":{\"@type\":\"ImageObject\",\"inLanguage\":\"it-IT\",\"@id\":\"https:\\\/\\\/www.filcacisl.it\\\/sindacato\\\/#\\\/schema\\\/logo\\\/image\\\/\",\"url\":\"https:\\\/\\\/www.filcacisl.it\\\/sindacato\\\/wp-content\\\/uploads\\\/2022\\\/01\\\/cropped-logo-filca-new.jpg\",\"contentUrl\":\"https:\\\/\\\/www.filcacisl.it\\\/sindacato\\\/wp-content\\\/uploads\\\/2022\\\/01\\\/cropped-logo-filca-new.jpg\",\"width\":2048,\"height\":586,\"caption\":\"FILCA CISL\"},\"image\":{\"@id\":\"https:\\\/\\\/www.filcacisl.it\\\/sindacato\\\/#\\\/schema\\\/logo\\\/image\\\/\"},\"sameAs\":[\"https:\\\/\\\/www.facebook.com\\\/Filca-Cisl-nazionale-308470056393070\\\/\",\"https:\\\/\\\/x.com\\\/filcacisl\"]},{\"@type\":\"Person\",\"@id\":\"https:\\\/\\\/www.filcacisl.it\\\/sindacato\\\/#\\\/schema\\\/person\\\/e71a39dcbb4e2d46dd1f4ea8c68e6369\",\"name\":\"Vanni Petrelli\",\"image\":{\"@type\":\"ImageObject\",\"inLanguage\":\"it-IT\",\"@id\":\"https:\\\/\\\/secure.gravatar.com\\\/avatar\\\/babadadf206e9691570a5abffb95bee052ff5c84adf1e10895877bc756a453cc?s=96&d=mm&r=g\",\"url\":\"https:\\\/\\\/secure.gravatar.com\\\/avatar\\\/babadadf206e9691570a5abffb95bee052ff5c84adf1e10895877bc756a453cc?s=96&d=mm&r=g\",\"contentUrl\":\"https:\\\/\\\/secure.gravatar.com\\\/avatar\\\/babadadf206e9691570a5abffb95bee052ff5c84adf1e10895877bc756a453cc?s=96&d=mm&r=g\",\"caption\":\"Vanni Petrelli\"},\"sameAs\":[\"https:\\\/\\\/x.com\\\/strategie3srls@gmail.com\"],\"url\":\"https:\\\/\\\/www.filcacisl.it\\\/sindacato\\\/author\\\/redazione\\\/\"}]}<\/script>\n<!-- \/ Yoast SEO plugin. -->","yoast_head_json":{"title":"BOLOGNA, PARTITA LA MARCIA DELLE \"VEDOVE BIANCHE\" - Filca CISL","robots":{"index":"index","follow":"follow","max-snippet":"max-snippet:-1","max-image-preview":"max-image-preview:large","max-video-preview":"max-video-preview:-1"},"canonical":"https:\/\/www.filcacisl.it\/sindacato\/bologna-partita-la-marcia-delle-vedove-bianche\/","og_locale":"it_IT","og_type":"article","og_title":"BOLOGNA, PARTITA LA MARCIA DELLE \"VEDOVE BIANCHE\" - Filca CISL","og_description":"All'iniziativa, organizzata dalle vedove delle persone che si sono tolte la vita a causa della crisi economica, partecipa anche una delegazione dell'associazione \"Speranzaallavoro\", costituita dalla Filca-Cisl, dall'Adiconsum e dai familiari delle vittime","og_url":"https:\/\/www.filcacisl.it\/sindacato\/bologna-partita-la-marcia-delle-vedove-bianche\/","og_site_name":"Filca CISL","article_publisher":"https:\/\/www.facebook.com\/Filca-Cisl-nazionale-308470056393070\/","article_published_time":"2012-05-04T08:37:07+00:00","author":"Vanni Petrelli","twitter_card":"summary_large_image","twitter_creator":"@strategie3srls@gmail.com","twitter_site":"@filcacisl","twitter_misc":{"Scritto da":"Vanni Petrelli","Tempo di lettura stimato":"1 minuto"},"schema":{"@context":"https:\/\/schema.org","@graph":[{"@type":"Article","@id":"https:\/\/www.filcacisl.it\/sindacato\/bologna-partita-la-marcia-delle-vedove-bianche\/#article","isPartOf":{"@id":"https:\/\/www.filcacisl.it\/sindacato\/bologna-partita-la-marcia-delle-vedove-bianche\/"},"author":{"name":"Vanni Petrelli","@id":"https:\/\/www.filcacisl.it\/sindacato\/#\/schema\/person\/e71a39dcbb4e2d46dd1f4ea8c68e6369"},"headline":"BOLOGNA, PARTITA LA MARCIA DELLE &#8220;VEDOVE BIANCHE&#8221;","datePublished":"2012-05-04T08:37:07+00:00","mainEntityOfPage":{"@id":"https:\/\/www.filcacisl.it\/sindacato\/bologna-partita-la-marcia-delle-vedove-bianche\/"},"wordCount":216,"commentCount":0,"publisher":{"@id":"https:\/\/www.filcacisl.it\/sindacato\/#organization"},"keywords":["adiconsum","agenzia entrate","Domenico Pesenti","Filca CISL","marcia vedove bianche","SPERANZA AL LAVORO","speranzaallavoro","suicidi per crisi"],"articleSection":["Attualit\u00e0","Legalit\u00e0 e Mercato del Lavoro"],"inLanguage":"it-IT","potentialAction":[{"@type":"CommentAction","name":"Comment","target":["https:\/\/www.filcacisl.it\/sindacato\/bologna-partita-la-marcia-delle-vedove-bianche\/#respond"]}]},{"@type":"WebPage","@id":"https:\/\/www.filcacisl.it\/sindacato\/bologna-partita-la-marcia-delle-vedove-bianche\/","url":"https:\/\/www.filcacisl.it\/sindacato\/bologna-partita-la-marcia-delle-vedove-bianche\/","name":"BOLOGNA, PARTITA LA MARCIA DELLE \"VEDOVE BIANCHE\" - Filca CISL","isPartOf":{"@id":"https:\/\/www.filcacisl.it\/sindacato\/#website"},"datePublished":"2012-05-04T08:37:07+00:00","breadcrumb":{"@id":"https:\/\/www.filcacisl.it\/sindacato\/bologna-partita-la-marcia-delle-vedove-bianche\/#breadcrumb"},"inLanguage":"it-IT","potentialAction":[{"@type":"ReadAction","target":["https:\/\/www.filcacisl.it\/sindacato\/bologna-partita-la-marcia-delle-vedove-bianche\/"]}]},{"@type":"BreadcrumbList","@id":"https:\/\/www.filcacisl.it\/sindacato\/bologna-partita-la-marcia-delle-vedove-bianche\/#breadcrumb","itemListElement":[{"@type":"ListItem","position":1,"name":"Home","item":"https:\/\/www.filcacisl.it\/sindacato\/"},{"@type":"ListItem","position":2,"name":"BOLOGNA, PARTITA LA MARCIA DELLE &#8220;VEDOVE BIANCHE&#8221;"}]},{"@type":"WebSite","@id":"https:\/\/www.filcacisl.it\/sindacato\/#website","url":"https:\/\/www.filcacisl.it\/sindacato\/","name":"Filca CISL","description":"Federazione Italiana Lavoratori Costruzioni e Affini","publisher":{"@id":"https:\/\/www.filcacisl.it\/sindacato\/#organization"},"potentialAction":[{"@type":"SearchAction","target":{"@type":"EntryPoint","urlTemplate":"https:\/\/www.filcacisl.it\/sindacato\/?s={search_term_string}"},"query-input":{"@type":"PropertyValueSpecification","valueRequired":true,"valueName":"search_term_string"}}],"inLanguage":"it-IT"},{"@type":"Organization","@id":"https:\/\/www.filcacisl.it\/sindacato\/#organization","name":"FILCA CISL","url":"https:\/\/www.filcacisl.it\/sindacato\/","logo":{"@type":"ImageObject","inLanguage":"it-IT","@id":"https:\/\/www.filcacisl.it\/sindacato\/#\/schema\/logo\/image\/","url":"https:\/\/www.filcacisl.it\/sindacato\/wp-content\/uploads\/2022\/01\/cropped-logo-filca-new.jpg","contentUrl":"https:\/\/www.filcacisl.it\/sindacato\/wp-content\/uploads\/2022\/01\/cropped-logo-filca-new.jpg","width":2048,"height":586,"caption":"FILCA CISL"},"image":{"@id":"https:\/\/www.filcacisl.it\/sindacato\/#\/schema\/logo\/image\/"},"sameAs":["https:\/\/www.facebook.com\/Filca-Cisl-nazionale-308470056393070\/","https:\/\/x.com\/filcacisl"]},{"@type":"Person","@id":"https:\/\/www.filcacisl.it\/sindacato\/#\/schema\/person\/e71a39dcbb4e2d46dd1f4ea8c68e6369","name":"Vanni Petrelli","image":{"@type":"ImageObject","inLanguage":"it-IT","@id":"https:\/\/secure.gravatar.com\/avatar\/babadadf206e9691570a5abffb95bee052ff5c84adf1e10895877bc756a453cc?s=96&d=mm&r=g","url":"https:\/\/secure.gravatar.com\/avatar\/babadadf206e9691570a5abffb95bee052ff5c84adf1e10895877bc756a453cc?s=96&d=mm&r=g","contentUrl":"https:\/\/secure.gravatar.com\/avatar\/babadadf206e9691570a5abffb95bee052ff5c84adf1e10895877bc756a453cc?s=96&d=mm&r=g","caption":"Vanni Petrelli"},"sameAs":["https:\/\/x.com\/strategie3srls@gmail.com"],"url":"https:\/\/www.filcacisl.it\/sindacato\/author\/redazione\/"}]}},"_links":{"self":[{"href":"https:\/\/www.filcacisl.it\/sindacato\/wp-json\/wp\/v2\/posts\/14952","targetHints":{"allow":["GET"]}}],"collection":[{"href":"https:\/\/www.filcacisl.it\/sindacato\/wp-json\/wp\/v2\/posts"}],"about":[{"href":"https:\/\/www.filcacisl.it\/sindacato\/wp-json\/wp\/v2\/types\/post"}],"author":[{"embeddable":true,"href":"https:\/\/www.filcacisl.it\/sindacato\/wp-json\/wp\/v2\/users\/11"}],"replies":[{"embeddable":true,"href":"https:\/\/www.filcacisl.it\/sindacato\/wp-json\/wp\/v2\/comments?post=14952"}],"version-history":[{"count":0,"href":"https:\/\/www.filcacisl.it\/sindacato\/wp-json\/wp\/v2\/posts\/14952\/revisions"}],"wp:attachment":[{"href":"https:\/\/www.filcacisl.it\/sindacato\/wp-json\/wp\/v2\/media?parent=14952"}],"wp:term":[{"taxonomy":"category","embeddable":true,"href":"https:\/\/www.filcacisl.it\/sindacato\/wp-json\/wp\/v2\/categories?post=14952"},{"taxonomy":"post_tag","embeddable":true,"href":"https:\/\/www.filcacisl.it\/sindacato\/wp-json\/wp\/v2\/tags?post=14952"}],"curies":[{"name":"wp","href":"https:\/\/api.w.org\/{rel}","templated":true}]}}