{"id":14950,"date":"2012-05-03T14:54:32","date_gmt":"2012-05-03T12:54:32","guid":{"rendered":"http:\/\/www.filcacisl.it\/sindacato\/?p=14950"},"modified":"2012-05-03T14:54:32","modified_gmt":"2012-05-03T12:54:32","slug":"nel-2012-130mila-posti-di-lavoro-in-meno","status":"publish","type":"post","link":"https:\/\/www.filcacisl.it\/sindacato\/nel-2012-130mila-posti-di-lavoro-in-meno\/","title":{"rendered":"NEL 2012 130MILA POSTI DI LAVORO IN MENO"},"content":{"rendered":"<p>Alla fine dell&#8217;anno saranno 130mila i posti di lavoro persi per la crisi economica. Lo prevede Unioncamere in base alle prime anticipazioni del &#8216;Sistema informativo Excelsior&#8217; realizzato con il ministero del Lavoro. L&#8217;occupazione dipendente diminuir\u00e0 dell&#8217;1,1%, causando quindi la perdita di altri 130mila posti di lavoro, soprattutto per la riduzione delle assunzioni che le imprese dell&#8217;industria e dei servizi prevedono di fare nell&#8217;arco dell&#8217;anno. Di poco superiori alle 633mila unit\u00e0 &#8211; aggiunge Unioncamere &#8211; le assunzioni saranno oltre 200mila in meno di quelle preventivate nel 2011.<br \/>\n<strong><em>Pmi al palo<\/em><\/strong>. Il difficile contesto economico, spiega Unioncamere, continuer\u00e0 a colpire soprattutto le imprese con meno di dieci dipendenti, pi\u00f9 fortemente legate ai consumi interni. Queste aziende genereranno un numero di assunzioni inferiore a quello delle imprese con 50 dipendenti e oltre (244mila contro 262mila). A fine anno il saldo si prospetta quindi pari a quasi 62mila unit\u00e0 in meno per la classe 1-9 dipendenti, superiore alle meno 33mila per quella 10-49 e alle meno 53mila per le imprese di 50 dipendenti e oltre.<br \/>\nSe il calo dell&#8217;occupazione dipendente sar\u00e0 numericamente consistente soprattutto nel settore degli &#8216;altri serviz\u00ec, con una riduzione di 44mila posti di lavoro, il calo percentuale pi\u00f9 significativo sar\u00e0 invece nelle costruzioni: pi\u00f9 di 34mila i posti di lavoro che, tra entrate e uscite, si dovrebbero ridurre durante l&#8217;anno, con una diminuzione dell&#8217;occupazione dipendente che raggiunger\u00e0 il -3,3%.<br \/>\nContinuer\u00e0 anche quest&#8217;anno, secondo il rapporto Unioncamere, la riduzione della forza lavoro nelle imprese manifatturiere (-38mila il saldo tra entrate e uscite, con un -1,1%), con il tessile, abbigliamento e calzature cui si dovr\u00e0 il calo maggiore (-8mila). Nel settore dei servizi, invece, che a fine anno avr\u00e0 un saldo negativo superiore a 56mila posti, le imprese commerciali prevedono un saldo tra entrate e uscite di oltre 12mila persone in meno, mentre tra gli &#8216;altri serviz\u00ec \u00e8 soprattutto il comparto turistico e della ristorazione che mostra le previsioni pi\u00f9 negative: -16mila i posti di lavoro nel 2012, di cui 13mila dovuti alle imprese fino a 9 dipendenti. In controtendenza solo i servizi avanzati di supporto alle imprese, che quest&#8217;anno prevedono di aumentare di mille lavoratori il proprio personale dipendente.<br \/>\n<em><strong>Sud ancora in ritardo<\/strong><\/em>.\u00a0Il Mezzogiorno\u00a0\u00e8 ancora una volta\u00a0l&#8217;area pi\u00f9 colpita sotto il profilo dell&#8217;occupazione dipendente. Il calo pi\u00f9 consistente delle entrate (65mila in meno rispetto al 2011, pari a -0,9%) interesser\u00e0 il Nordovest, le cui imprese prevedono di fare 162mila assunzioni entro l&#8217;anno.<br \/>\nLa contrazione pi\u00f9 rilevante dell&#8217;occupazione sar\u00e0 per\u00f2 nel Sud e isole: 42mila i posti di lavoro in meno (-1,7%), derivanti dalla differenza tra le 174mila entrate totali programmate e le 217mila uscite per pensioamento, scadenza di contratto o altri fattori. Negative ma meno penalizzanti, secondo il rapporto, le dinamiche dell&#8217;occupazione nella altre aree del paese: il Nordest dovrebbe contrarre l&#8217;occupazione dipendente nel settore privato di 24mila unit\u00e0 (-0,9%) e il Centro di 28mila.<br \/>\n<em><strong>Pil, previsioni al ribasso<\/strong><\/em>. Anche la recessione ha due velocit\u00e0, da una parte il Centro-Nord e dall&#8217;altra il Mezzogiorno. Il rapporto Unioncamere\u00a0stima a fine anno un calo medio del Pil dell&#8217;1,5% ma al Sud lo scotto sar\u00e0 -1,8%.\u00a0La\u00a0ripresa arriver\u00e0 con il nuovo anno, quando il pil \u00e8 atteso in crescita dello 0,8%.<br \/>\nAlcune regioni del sud &#8211; come Abruzzo, Molise e Basilicata &#8211; segneranno tuttavia una contrazione del 2%. Anche i consumi delle famiglie e la spesa per investimenti sono previsti quest&#8217;anno in ulteriore, sensibile calo (rispettivamente -2,1% e -3,8%) pi\u00f9 incisivo nelle aree meridionale. Il segno pi\u00f9 torner\u00e0 a comparire per\u00f2 nel 2013 (+0,8% l&#8217;incremento atteso del Pil), con un&#8217;accelerazione maggiore nel nord-est (+1,3%) e una velocit\u00e0 decisamente pi\u00f9 contenuta al sud (+0,2%).<br \/>\n(dal sito <a href=\"http:\/\/www.conquistedellavoro.it\">www.conquistedellavoro.it<\/a>)<\/p>\n","protected":false},"excerpt":{"rendered":"<p>La previsione di Unioncamere: a soffrire soprattutto piccole e medie imprese. L&#8217;area pi\u00f9 colpita dalla recessione sar\u00e0 il Mezzogiorno. Crescita a &#8211; 1,5%, ma in alcune regioni del Sud la contrazione del Pil potrebbe essere del 2%<\/p>\n","protected":false},"author":11,"featured_media":19680,"comment_status":"open","ping_status":"open","sticky":false,"template":"","format":"standard","meta":{"cybocfi_hide_featured_image":"","footnotes":""},"categories":[31],"tags":[],"class_list":["post-14950","post","type-post","status-publish","format-standard","has-post-thumbnail","hentry","category-attualita"],"yoast_head":"<!-- This site is optimized with the Yoast SEO plugin v28.4 - https:\/\/yoast.com\/product\/yoast-seo-wordpress\/ -->\n<title>NEL 2012 130MILA POSTI DI LAVORO IN MENO - Filca CISL<\/title>\n<meta name=\"robots\" content=\"index, follow, max-snippet:-1, max-image-preview:large, max-video-preview:-1\" \/>\n<link rel=\"canonical\" href=\"https:\/\/www.filcacisl.it\/sindacato\/nel-2012-130mila-posti-di-lavoro-in-meno\/\" \/>\n<meta property=\"og:locale\" content=\"it_IT\" \/>\n<meta property=\"og:type\" content=\"article\" \/>\n<meta property=\"og:title\" content=\"NEL 2012 130MILA POSTI DI LAVORO IN MENO - Filca CISL\" \/>\n<meta property=\"og:description\" content=\"La previsione di Unioncamere: a soffrire soprattutto piccole e medie imprese. L&#039;area pi\u00f9 colpita dalla recessione sar\u00e0 il Mezzogiorno. Crescita a - 1,5%, ma in alcune regioni del Sud la contrazione del Pil potrebbe essere del 2%\" \/>\n<meta property=\"og:url\" content=\"https:\/\/www.filcacisl.it\/sindacato\/nel-2012-130mila-posti-di-lavoro-in-meno\/\" \/>\n<meta property=\"og:site_name\" content=\"Filca CISL\" \/>\n<meta property=\"article:publisher\" content=\"https:\/\/www.facebook.com\/Filca-Cisl-nazionale-308470056393070\/\" \/>\n<meta property=\"article:published_time\" content=\"2012-05-03T12:54:32+00:00\" \/>\n<meta name=\"author\" content=\"Vanni Petrelli\" \/>\n<meta name=\"twitter:card\" content=\"summary_large_image\" \/>\n<meta name=\"twitter:creator\" content=\"@strategie3srls@gmail.com\" \/>\n<meta name=\"twitter:site\" content=\"@filcacisl\" \/>\n<meta name=\"twitter:label1\" content=\"Scritto da\" \/>\n\t<meta name=\"twitter:data1\" content=\"Vanni Petrelli\" \/>\n\t<meta name=\"twitter:label2\" content=\"Tempo di lettura stimato\" \/>\n\t<meta name=\"twitter:data2\" content=\"3 minuti\" \/>\n<script type=\"application\/ld+json\" class=\"yoast-schema-graph\">{\"@context\":\"https:\\\/\\\/schema.org\",\"@graph\":[{\"@type\":\"Article\",\"@id\":\"https:\\\/\\\/www.filcacisl.it\\\/sindacato\\\/nel-2012-130mila-posti-di-lavoro-in-meno\\\/#article\",\"isPartOf\":{\"@id\":\"https:\\\/\\\/www.filcacisl.it\\\/sindacato\\\/nel-2012-130mila-posti-di-lavoro-in-meno\\\/\"},\"author\":{\"name\":\"Vanni Petrelli\",\"@id\":\"https:\\\/\\\/www.filcacisl.it\\\/sindacato\\\/#\\\/schema\\\/person\\\/e71a39dcbb4e2d46dd1f4ea8c68e6369\"},\"headline\":\"NEL 2012 130MILA POSTI DI LAVORO IN MENO\",\"datePublished\":\"2012-05-03T12:54:32+00:00\",\"mainEntityOfPage\":{\"@id\":\"https:\\\/\\\/www.filcacisl.it\\\/sindacato\\\/nel-2012-130mila-posti-di-lavoro-in-meno\\\/\"},\"wordCount\":623,\"commentCount\":0,\"publisher\":{\"@id\":\"https:\\\/\\\/www.filcacisl.it\\\/sindacato\\\/#organization\"},\"image\":{\"@id\":\"https:\\\/\\\/www.filcacisl.it\\\/sindacato\\\/nel-2012-130mila-posti-di-lavoro-in-meno\\\/#primaryimage\"},\"thumbnailUrl\":\"\",\"articleSection\":[\"Attualit\u00e0\"],\"inLanguage\":\"it-IT\",\"potentialAction\":[{\"@type\":\"CommentAction\",\"name\":\"Comment\",\"target\":[\"https:\\\/\\\/www.filcacisl.it\\\/sindacato\\\/nel-2012-130mila-posti-di-lavoro-in-meno\\\/#respond\"]}]},{\"@type\":\"WebPage\",\"@id\":\"https:\\\/\\\/www.filcacisl.it\\\/sindacato\\\/nel-2012-130mila-posti-di-lavoro-in-meno\\\/\",\"url\":\"https:\\\/\\\/www.filcacisl.it\\\/sindacato\\\/nel-2012-130mila-posti-di-lavoro-in-meno\\\/\",\"name\":\"NEL 2012 130MILA POSTI DI LAVORO IN MENO - Filca CISL\",\"isPartOf\":{\"@id\":\"https:\\\/\\\/www.filcacisl.it\\\/sindacato\\\/#website\"},\"primaryImageOfPage\":{\"@id\":\"https:\\\/\\\/www.filcacisl.it\\\/sindacato\\\/nel-2012-130mila-posti-di-lavoro-in-meno\\\/#primaryimage\"},\"image\":{\"@id\":\"https:\\\/\\\/www.filcacisl.it\\\/sindacato\\\/nel-2012-130mila-posti-di-lavoro-in-meno\\\/#primaryimage\"},\"thumbnailUrl\":\"\",\"datePublished\":\"2012-05-03T12:54:32+00:00\",\"breadcrumb\":{\"@id\":\"https:\\\/\\\/www.filcacisl.it\\\/sindacato\\\/nel-2012-130mila-posti-di-lavoro-in-meno\\\/#breadcrumb\"},\"inLanguage\":\"it-IT\",\"potentialAction\":[{\"@type\":\"ReadAction\",\"target\":[\"https:\\\/\\\/www.filcacisl.it\\\/sindacato\\\/nel-2012-130mila-posti-di-lavoro-in-meno\\\/\"]}]},{\"@type\":\"ImageObject\",\"inLanguage\":\"it-IT\",\"@id\":\"https:\\\/\\\/www.filcacisl.it\\\/sindacato\\\/nel-2012-130mila-posti-di-lavoro-in-meno\\\/#primaryimage\",\"url\":\"\",\"contentUrl\":\"\"},{\"@type\":\"BreadcrumbList\",\"@id\":\"https:\\\/\\\/www.filcacisl.it\\\/sindacato\\\/nel-2012-130mila-posti-di-lavoro-in-meno\\\/#breadcrumb\",\"itemListElement\":[{\"@type\":\"ListItem\",\"position\":1,\"name\":\"Home\",\"item\":\"https:\\\/\\\/www.filcacisl.it\\\/sindacato\\\/\"},{\"@type\":\"ListItem\",\"position\":2,\"name\":\"NEL 2012 130MILA POSTI DI LAVORO IN MENO\"}]},{\"@type\":\"WebSite\",\"@id\":\"https:\\\/\\\/www.filcacisl.it\\\/sindacato\\\/#website\",\"url\":\"https:\\\/\\\/www.filcacisl.it\\\/sindacato\\\/\",\"name\":\"Filca CISL\",\"description\":\"Federazione Italiana Lavoratori Costruzioni e Affini\",\"publisher\":{\"@id\":\"https:\\\/\\\/www.filcacisl.it\\\/sindacato\\\/#organization\"},\"potentialAction\":[{\"@type\":\"SearchAction\",\"target\":{\"@type\":\"EntryPoint\",\"urlTemplate\":\"https:\\\/\\\/www.filcacisl.it\\\/sindacato\\\/?s={search_term_string}\"},\"query-input\":{\"@type\":\"PropertyValueSpecification\",\"valueRequired\":true,\"valueName\":\"search_term_string\"}}],\"inLanguage\":\"it-IT\"},{\"@type\":\"Organization\",\"@id\":\"https:\\\/\\\/www.filcacisl.it\\\/sindacato\\\/#organization\",\"name\":\"FILCA CISL\",\"url\":\"https:\\\/\\\/www.filcacisl.it\\\/sindacato\\\/\",\"logo\":{\"@type\":\"ImageObject\",\"inLanguage\":\"it-IT\",\"@id\":\"https:\\\/\\\/www.filcacisl.it\\\/sindacato\\\/#\\\/schema\\\/logo\\\/image\\\/\",\"url\":\"https:\\\/\\\/www.filcacisl.it\\\/sindacato\\\/wp-content\\\/uploads\\\/2022\\\/01\\\/cropped-logo-filca-new.jpg\",\"contentUrl\":\"https:\\\/\\\/www.filcacisl.it\\\/sindacato\\\/wp-content\\\/uploads\\\/2022\\\/01\\\/cropped-logo-filca-new.jpg\",\"width\":2048,\"height\":586,\"caption\":\"FILCA CISL\"},\"image\":{\"@id\":\"https:\\\/\\\/www.filcacisl.it\\\/sindacato\\\/#\\\/schema\\\/logo\\\/image\\\/\"},\"sameAs\":[\"https:\\\/\\\/www.facebook.com\\\/Filca-Cisl-nazionale-308470056393070\\\/\",\"https:\\\/\\\/x.com\\\/filcacisl\"]},{\"@type\":\"Person\",\"@id\":\"https:\\\/\\\/www.filcacisl.it\\\/sindacato\\\/#\\\/schema\\\/person\\\/e71a39dcbb4e2d46dd1f4ea8c68e6369\",\"name\":\"Vanni Petrelli\",\"image\":{\"@type\":\"ImageObject\",\"inLanguage\":\"it-IT\",\"@id\":\"https:\\\/\\\/secure.gravatar.com\\\/avatar\\\/babadadf206e9691570a5abffb95bee052ff5c84adf1e10895877bc756a453cc?s=96&d=mm&r=g\",\"url\":\"https:\\\/\\\/secure.gravatar.com\\\/avatar\\\/babadadf206e9691570a5abffb95bee052ff5c84adf1e10895877bc756a453cc?s=96&d=mm&r=g\",\"contentUrl\":\"https:\\\/\\\/secure.gravatar.com\\\/avatar\\\/babadadf206e9691570a5abffb95bee052ff5c84adf1e10895877bc756a453cc?s=96&d=mm&r=g\",\"caption\":\"Vanni Petrelli\"},\"sameAs\":[\"https:\\\/\\\/x.com\\\/strategie3srls@gmail.com\"],\"url\":\"https:\\\/\\\/www.filcacisl.it\\\/sindacato\\\/author\\\/redazione\\\/\"}]}<\/script>\n<!-- \/ Yoast SEO plugin. -->","yoast_head_json":{"title":"NEL 2012 130MILA POSTI DI LAVORO IN MENO - Filca CISL","robots":{"index":"index","follow":"follow","max-snippet":"max-snippet:-1","max-image-preview":"max-image-preview:large","max-video-preview":"max-video-preview:-1"},"canonical":"https:\/\/www.filcacisl.it\/sindacato\/nel-2012-130mila-posti-di-lavoro-in-meno\/","og_locale":"it_IT","og_type":"article","og_title":"NEL 2012 130MILA POSTI DI LAVORO IN MENO - Filca CISL","og_description":"La previsione di Unioncamere: a soffrire soprattutto piccole e medie imprese. L'area pi\u00f9 colpita dalla recessione sar\u00e0 il Mezzogiorno. Crescita a - 1,5%, ma in alcune regioni del Sud la contrazione del Pil potrebbe essere del 2%","og_url":"https:\/\/www.filcacisl.it\/sindacato\/nel-2012-130mila-posti-di-lavoro-in-meno\/","og_site_name":"Filca CISL","article_publisher":"https:\/\/www.facebook.com\/Filca-Cisl-nazionale-308470056393070\/","article_published_time":"2012-05-03T12:54:32+00:00","author":"Vanni Petrelli","twitter_card":"summary_large_image","twitter_creator":"@strategie3srls@gmail.com","twitter_site":"@filcacisl","twitter_misc":{"Scritto da":"Vanni Petrelli","Tempo di lettura stimato":"3 minuti"},"schema":{"@context":"https:\/\/schema.org","@graph":[{"@type":"Article","@id":"https:\/\/www.filcacisl.it\/sindacato\/nel-2012-130mila-posti-di-lavoro-in-meno\/#article","isPartOf":{"@id":"https:\/\/www.filcacisl.it\/sindacato\/nel-2012-130mila-posti-di-lavoro-in-meno\/"},"author":{"name":"Vanni Petrelli","@id":"https:\/\/www.filcacisl.it\/sindacato\/#\/schema\/person\/e71a39dcbb4e2d46dd1f4ea8c68e6369"},"headline":"NEL 2012 130MILA POSTI DI LAVORO IN MENO","datePublished":"2012-05-03T12:54:32+00:00","mainEntityOfPage":{"@id":"https:\/\/www.filcacisl.it\/sindacato\/nel-2012-130mila-posti-di-lavoro-in-meno\/"},"wordCount":623,"commentCount":0,"publisher":{"@id":"https:\/\/www.filcacisl.it\/sindacato\/#organization"},"image":{"@id":"https:\/\/www.filcacisl.it\/sindacato\/nel-2012-130mila-posti-di-lavoro-in-meno\/#primaryimage"},"thumbnailUrl":"","articleSection":["Attualit\u00e0"],"inLanguage":"it-IT","potentialAction":[{"@type":"CommentAction","name":"Comment","target":["https:\/\/www.filcacisl.it\/sindacato\/nel-2012-130mila-posti-di-lavoro-in-meno\/#respond"]}]},{"@type":"WebPage","@id":"https:\/\/www.filcacisl.it\/sindacato\/nel-2012-130mila-posti-di-lavoro-in-meno\/","url":"https:\/\/www.filcacisl.it\/sindacato\/nel-2012-130mila-posti-di-lavoro-in-meno\/","name":"NEL 2012 130MILA POSTI DI LAVORO IN MENO - Filca CISL","isPartOf":{"@id":"https:\/\/www.filcacisl.it\/sindacato\/#website"},"primaryImageOfPage":{"@id":"https:\/\/www.filcacisl.it\/sindacato\/nel-2012-130mila-posti-di-lavoro-in-meno\/#primaryimage"},"image":{"@id":"https:\/\/www.filcacisl.it\/sindacato\/nel-2012-130mila-posti-di-lavoro-in-meno\/#primaryimage"},"thumbnailUrl":"","datePublished":"2012-05-03T12:54:32+00:00","breadcrumb":{"@id":"https:\/\/www.filcacisl.it\/sindacato\/nel-2012-130mila-posti-di-lavoro-in-meno\/#breadcrumb"},"inLanguage":"it-IT","potentialAction":[{"@type":"ReadAction","target":["https:\/\/www.filcacisl.it\/sindacato\/nel-2012-130mila-posti-di-lavoro-in-meno\/"]}]},{"@type":"ImageObject","inLanguage":"it-IT","@id":"https:\/\/www.filcacisl.it\/sindacato\/nel-2012-130mila-posti-di-lavoro-in-meno\/#primaryimage","url":"","contentUrl":""},{"@type":"BreadcrumbList","@id":"https:\/\/www.filcacisl.it\/sindacato\/nel-2012-130mila-posti-di-lavoro-in-meno\/#breadcrumb","itemListElement":[{"@type":"ListItem","position":1,"name":"Home","item":"https:\/\/www.filcacisl.it\/sindacato\/"},{"@type":"ListItem","position":2,"name":"NEL 2012 130MILA POSTI DI LAVORO IN MENO"}]},{"@type":"WebSite","@id":"https:\/\/www.filcacisl.it\/sindacato\/#website","url":"https:\/\/www.filcacisl.it\/sindacato\/","name":"Filca CISL","description":"Federazione Italiana Lavoratori Costruzioni e Affini","publisher":{"@id":"https:\/\/www.filcacisl.it\/sindacato\/#organization"},"potentialAction":[{"@type":"SearchAction","target":{"@type":"EntryPoint","urlTemplate":"https:\/\/www.filcacisl.it\/sindacato\/?s={search_term_string}"},"query-input":{"@type":"PropertyValueSpecification","valueRequired":true,"valueName":"search_term_string"}}],"inLanguage":"it-IT"},{"@type":"Organization","@id":"https:\/\/www.filcacisl.it\/sindacato\/#organization","name":"FILCA CISL","url":"https:\/\/www.filcacisl.it\/sindacato\/","logo":{"@type":"ImageObject","inLanguage":"it-IT","@id":"https:\/\/www.filcacisl.it\/sindacato\/#\/schema\/logo\/image\/","url":"https:\/\/www.filcacisl.it\/sindacato\/wp-content\/uploads\/2022\/01\/cropped-logo-filca-new.jpg","contentUrl":"https:\/\/www.filcacisl.it\/sindacato\/wp-content\/uploads\/2022\/01\/cropped-logo-filca-new.jpg","width":2048,"height":586,"caption":"FILCA CISL"},"image":{"@id":"https:\/\/www.filcacisl.it\/sindacato\/#\/schema\/logo\/image\/"},"sameAs":["https:\/\/www.facebook.com\/Filca-Cisl-nazionale-308470056393070\/","https:\/\/x.com\/filcacisl"]},{"@type":"Person","@id":"https:\/\/www.filcacisl.it\/sindacato\/#\/schema\/person\/e71a39dcbb4e2d46dd1f4ea8c68e6369","name":"Vanni Petrelli","image":{"@type":"ImageObject","inLanguage":"it-IT","@id":"https:\/\/secure.gravatar.com\/avatar\/babadadf206e9691570a5abffb95bee052ff5c84adf1e10895877bc756a453cc?s=96&d=mm&r=g","url":"https:\/\/secure.gravatar.com\/avatar\/babadadf206e9691570a5abffb95bee052ff5c84adf1e10895877bc756a453cc?s=96&d=mm&r=g","contentUrl":"https:\/\/secure.gravatar.com\/avatar\/babadadf206e9691570a5abffb95bee052ff5c84adf1e10895877bc756a453cc?s=96&d=mm&r=g","caption":"Vanni Petrelli"},"sameAs":["https:\/\/x.com\/strategie3srls@gmail.com"],"url":"https:\/\/www.filcacisl.it\/sindacato\/author\/redazione\/"}]}},"_links":{"self":[{"href":"https:\/\/www.filcacisl.it\/sindacato\/wp-json\/wp\/v2\/posts\/14950","targetHints":{"allow":["GET"]}}],"collection":[{"href":"https:\/\/www.filcacisl.it\/sindacato\/wp-json\/wp\/v2\/posts"}],"about":[{"href":"https:\/\/www.filcacisl.it\/sindacato\/wp-json\/wp\/v2\/types\/post"}],"author":[{"embeddable":true,"href":"https:\/\/www.filcacisl.it\/sindacato\/wp-json\/wp\/v2\/users\/11"}],"replies":[{"embeddable":true,"href":"https:\/\/www.filcacisl.it\/sindacato\/wp-json\/wp\/v2\/comments?post=14950"}],"version-history":[{"count":0,"href":"https:\/\/www.filcacisl.it\/sindacato\/wp-json\/wp\/v2\/posts\/14950\/revisions"}],"wp:attachment":[{"href":"https:\/\/www.filcacisl.it\/sindacato\/wp-json\/wp\/v2\/media?parent=14950"}],"wp:term":[{"taxonomy":"category","embeddable":true,"href":"https:\/\/www.filcacisl.it\/sindacato\/wp-json\/wp\/v2\/categories?post=14950"},{"taxonomy":"post_tag","embeddable":true,"href":"https:\/\/www.filcacisl.it\/sindacato\/wp-json\/wp\/v2\/tags?post=14950"}],"curies":[{"name":"wp","href":"https:\/\/api.w.org\/{rel}","templated":true}]}}