{"id":14948,"date":"2012-05-03T11:59:06","date_gmt":"2012-05-03T09:59:06","guid":{"rendered":"http:\/\/www.filcacisl.it\/sindacato\/?p=14948"},"modified":"2012-05-03T11:59:06","modified_gmt":"2012-05-03T09:59:06","slug":"via-la-tassa-sulla-prima-casa","status":"publish","type":"post","link":"https:\/\/www.filcacisl.it\/sindacato\/via-la-tassa-sulla-prima-casa\/","title":{"rendered":"&#8220;VIA LA TASSA SULLA PRIMA CASA&#8221;"},"content":{"rendered":"<p>Eliminare l&#8217;Imu sulla prima casa perch\u00e9 &#8220;i lavoratori ed i pensionati, quelli che hanno un reddito basso gi\u00e0 pagano tasse allo stato, ai comuni, alle regioni, tasse che nessun europeo paga ed in pi\u00f9 le indirette come quella sulla benzina, sempre pi\u00f9 alte&#8221;. \u00c8 quanto ha affermato il leader della Cisl, Raffaele Bonanni, ai microfoni del GR3 Rai: &#8220;Non possono quindi pagare tasse anche sull&#8217;unico bene che hanno, la casa, dopo averla pagata sino all&#8217;ultimo centesimo &#8211; ha proseguito &#8211; Mi pare incomprensibile una politica che mortifica la casa, che d\u00e0 colpi in testa alla casa&#8221;.<br \/>\nIntervistato anche da Il Giornale, Bonanni ha detto che &#8221; ci siamo ritrovati con un&#8217;Ici al quadrato, anzi al cubo visto che c&#8217;\u00e8 anche la revisione delle rendite catastali. Il risultato \u00e8 che i soliti noti ci rimetteranno una mensilit\u00e0 di pensione o di stipendio all&#8217;anno&#8221;. &#8220;Appoggeremo i sindaci che cercheranno il modo di non pesare sui cittadini &#8211; assicura Bonanni &#8211; Prima di mettere in vendita la vita delle persone, sarebbe meglio dismettere il patrimonio demaniale dello Stato. Sappiamo che sono 500 miliardi e basterebbero ad abbattere di un quarto il debito pubblico&#8221;.<br \/>\nUN PATTO PER LA CRESCITA &#8211; Ma il leader della Cisl va oltre. L&#8217;unico modo per ritrovare la crescita &#8220;\u00e8 ricorrere ad un accordo, un patto, tra tutti i soggetti&#8221;: governo centrale, locali, parti sociali e politica che devono riconoscersi in un solo progetto da perseguire. &#8220;Una soluzione questa crisi la deve trovare continuare in questo modo solo con politiche depressive \u00e8 chiaro che avremo una recessione che si porter\u00e0 via ancora di pi\u00f9 pezzi di produzione, pezzi di condizione lavorativa, insomma non avremo gli spazi per i giovani ed addirittura metteremo a repentaglio i posti di lavoro preesistenti. Bisogna fare qualcosa&#8221;.<br \/>\n(dal sito <a href=\"http:\/\/www.conquistedellavoro.it\">www.conquistedellavoro.it<\/a>)<\/p>\n","protected":false},"excerpt":{"rendered":"<p>Lo ha ripetuto il segretario generale della Cisl, Raffaele Bonanni. &#8220;I lavoratori ed i pensionati &#8211; ha detto &#8211; gi\u00e0 pagano tasse allo stato, ai comuni, alle regioni, tasse che nessun europeo paga, ed in pi\u00f9 le indirette come quella sulla benzina, sempre pi\u00f9 alte&#8221; <\/p>\n","protected":false},"author":11,"featured_media":19968,"comment_status":"open","ping_status":"open","sticky":false,"template":"","format":"standard","meta":{"cybocfi_hide_featured_image":"","footnotes":""},"categories":[31],"tags":[],"class_list":["post-14948","post","type-post","status-publish","format-standard","has-post-thumbnail","hentry","category-attualita"],"yoast_head":"<!-- This site is optimized with the Yoast SEO plugin v28.4 - https:\/\/yoast.com\/product\/yoast-seo-wordpress\/ -->\n<title>&quot;VIA LA TASSA SULLA PRIMA CASA&quot; - Filca CISL<\/title>\n<meta name=\"robots\" content=\"index, follow, max-snippet:-1, max-image-preview:large, max-video-preview:-1\" \/>\n<link rel=\"canonical\" href=\"https:\/\/www.filcacisl.it\/sindacato\/via-la-tassa-sulla-prima-casa\/\" \/>\n<meta property=\"og:locale\" content=\"it_IT\" \/>\n<meta property=\"og:type\" content=\"article\" \/>\n<meta property=\"og:title\" content=\"&quot;VIA LA TASSA SULLA PRIMA CASA&quot; - Filca CISL\" \/>\n<meta property=\"og:description\" content=\"Lo ha ripetuto il segretario generale della Cisl, Raffaele Bonanni. &quot;I lavoratori ed i pensionati - ha detto - gi\u00e0 pagano tasse allo stato, ai comuni, alle regioni, tasse che nessun europeo paga, ed in pi\u00f9 le indirette come quella sulla benzina, sempre pi\u00f9 alte&quot;\" \/>\n<meta property=\"og:url\" content=\"https:\/\/www.filcacisl.it\/sindacato\/via-la-tassa-sulla-prima-casa\/\" \/>\n<meta property=\"og:site_name\" content=\"Filca CISL\" \/>\n<meta property=\"article:publisher\" content=\"https:\/\/www.facebook.com\/Filca-Cisl-nazionale-308470056393070\/\" \/>\n<meta property=\"article:published_time\" content=\"2012-05-03T09:59:06+00:00\" \/>\n<meta name=\"author\" content=\"Vanni Petrelli\" \/>\n<meta name=\"twitter:card\" content=\"summary_large_image\" \/>\n<meta name=\"twitter:creator\" content=\"@strategie3srls@gmail.com\" \/>\n<meta name=\"twitter:site\" content=\"@filcacisl\" \/>\n<meta name=\"twitter:label1\" content=\"Scritto da\" \/>\n\t<meta name=\"twitter:data1\" content=\"Vanni Petrelli\" \/>\n\t<meta name=\"twitter:label2\" content=\"Tempo di lettura stimato\" \/>\n\t<meta name=\"twitter:data2\" content=\"1 minuto\" \/>\n<script type=\"application\/ld+json\" class=\"yoast-schema-graph\">{\"@context\":\"https:\\\/\\\/schema.org\",\"@graph\":[{\"@type\":\"Article\",\"@id\":\"https:\\\/\\\/www.filcacisl.it\\\/sindacato\\\/via-la-tassa-sulla-prima-casa\\\/#article\",\"isPartOf\":{\"@id\":\"https:\\\/\\\/www.filcacisl.it\\\/sindacato\\\/via-la-tassa-sulla-prima-casa\\\/\"},\"author\":{\"name\":\"Vanni Petrelli\",\"@id\":\"https:\\\/\\\/www.filcacisl.it\\\/sindacato\\\/#\\\/schema\\\/person\\\/e71a39dcbb4e2d46dd1f4ea8c68e6369\"},\"headline\":\"&#8220;VIA LA TASSA SULLA PRIMA CASA&#8221;\",\"datePublished\":\"2012-05-03T09:59:06+00:00\",\"mainEntityOfPage\":{\"@id\":\"https:\\\/\\\/www.filcacisl.it\\\/sindacato\\\/via-la-tassa-sulla-prima-casa\\\/\"},\"wordCount\":303,\"commentCount\":0,\"publisher\":{\"@id\":\"https:\\\/\\\/www.filcacisl.it\\\/sindacato\\\/#organization\"},\"image\":{\"@id\":\"https:\\\/\\\/www.filcacisl.it\\\/sindacato\\\/via-la-tassa-sulla-prima-casa\\\/#primaryimage\"},\"thumbnailUrl\":\"\",\"articleSection\":[\"Attualit\u00e0\"],\"inLanguage\":\"it-IT\",\"potentialAction\":[{\"@type\":\"CommentAction\",\"name\":\"Comment\",\"target\":[\"https:\\\/\\\/www.filcacisl.it\\\/sindacato\\\/via-la-tassa-sulla-prima-casa\\\/#respond\"]}]},{\"@type\":\"WebPage\",\"@id\":\"https:\\\/\\\/www.filcacisl.it\\\/sindacato\\\/via-la-tassa-sulla-prima-casa\\\/\",\"url\":\"https:\\\/\\\/www.filcacisl.it\\\/sindacato\\\/via-la-tassa-sulla-prima-casa\\\/\",\"name\":\"\\\"VIA LA TASSA SULLA PRIMA CASA\\\" - Filca CISL\",\"isPartOf\":{\"@id\":\"https:\\\/\\\/www.filcacisl.it\\\/sindacato\\\/#website\"},\"primaryImageOfPage\":{\"@id\":\"https:\\\/\\\/www.filcacisl.it\\\/sindacato\\\/via-la-tassa-sulla-prima-casa\\\/#primaryimage\"},\"image\":{\"@id\":\"https:\\\/\\\/www.filcacisl.it\\\/sindacato\\\/via-la-tassa-sulla-prima-casa\\\/#primaryimage\"},\"thumbnailUrl\":\"\",\"datePublished\":\"2012-05-03T09:59:06+00:00\",\"breadcrumb\":{\"@id\":\"https:\\\/\\\/www.filcacisl.it\\\/sindacato\\\/via-la-tassa-sulla-prima-casa\\\/#breadcrumb\"},\"inLanguage\":\"it-IT\",\"potentialAction\":[{\"@type\":\"ReadAction\",\"target\":[\"https:\\\/\\\/www.filcacisl.it\\\/sindacato\\\/via-la-tassa-sulla-prima-casa\\\/\"]}]},{\"@type\":\"ImageObject\",\"inLanguage\":\"it-IT\",\"@id\":\"https:\\\/\\\/www.filcacisl.it\\\/sindacato\\\/via-la-tassa-sulla-prima-casa\\\/#primaryimage\",\"url\":\"\",\"contentUrl\":\"\"},{\"@type\":\"BreadcrumbList\",\"@id\":\"https:\\\/\\\/www.filcacisl.it\\\/sindacato\\\/via-la-tassa-sulla-prima-casa\\\/#breadcrumb\",\"itemListElement\":[{\"@type\":\"ListItem\",\"position\":1,\"name\":\"Home\",\"item\":\"https:\\\/\\\/www.filcacisl.it\\\/sindacato\\\/\"},{\"@type\":\"ListItem\",\"position\":2,\"name\":\"&#8220;VIA LA TASSA SULLA PRIMA CASA&#8221;\"}]},{\"@type\":\"WebSite\",\"@id\":\"https:\\\/\\\/www.filcacisl.it\\\/sindacato\\\/#website\",\"url\":\"https:\\\/\\\/www.filcacisl.it\\\/sindacato\\\/\",\"name\":\"Filca CISL\",\"description\":\"Federazione Italiana Lavoratori Costruzioni e Affini\",\"publisher\":{\"@id\":\"https:\\\/\\\/www.filcacisl.it\\\/sindacato\\\/#organization\"},\"potentialAction\":[{\"@type\":\"SearchAction\",\"target\":{\"@type\":\"EntryPoint\",\"urlTemplate\":\"https:\\\/\\\/www.filcacisl.it\\\/sindacato\\\/?s={search_term_string}\"},\"query-input\":{\"@type\":\"PropertyValueSpecification\",\"valueRequired\":true,\"valueName\":\"search_term_string\"}}],\"inLanguage\":\"it-IT\"},{\"@type\":\"Organization\",\"@id\":\"https:\\\/\\\/www.filcacisl.it\\\/sindacato\\\/#organization\",\"name\":\"FILCA CISL\",\"url\":\"https:\\\/\\\/www.filcacisl.it\\\/sindacato\\\/\",\"logo\":{\"@type\":\"ImageObject\",\"inLanguage\":\"it-IT\",\"@id\":\"https:\\\/\\\/www.filcacisl.it\\\/sindacato\\\/#\\\/schema\\\/logo\\\/image\\\/\",\"url\":\"https:\\\/\\\/www.filcacisl.it\\\/sindacato\\\/wp-content\\\/uploads\\\/2022\\\/01\\\/cropped-logo-filca-new.jpg\",\"contentUrl\":\"https:\\\/\\\/www.filcacisl.it\\\/sindacato\\\/wp-content\\\/uploads\\\/2022\\\/01\\\/cropped-logo-filca-new.jpg\",\"width\":2048,\"height\":586,\"caption\":\"FILCA CISL\"},\"image\":{\"@id\":\"https:\\\/\\\/www.filcacisl.it\\\/sindacato\\\/#\\\/schema\\\/logo\\\/image\\\/\"},\"sameAs\":[\"https:\\\/\\\/www.facebook.com\\\/Filca-Cisl-nazionale-308470056393070\\\/\",\"https:\\\/\\\/x.com\\\/filcacisl\"]},{\"@type\":\"Person\",\"@id\":\"https:\\\/\\\/www.filcacisl.it\\\/sindacato\\\/#\\\/schema\\\/person\\\/e71a39dcbb4e2d46dd1f4ea8c68e6369\",\"name\":\"Vanni Petrelli\",\"image\":{\"@type\":\"ImageObject\",\"inLanguage\":\"it-IT\",\"@id\":\"https:\\\/\\\/secure.gravatar.com\\\/avatar\\\/babadadf206e9691570a5abffb95bee052ff5c84adf1e10895877bc756a453cc?s=96&d=mm&r=g\",\"url\":\"https:\\\/\\\/secure.gravatar.com\\\/avatar\\\/babadadf206e9691570a5abffb95bee052ff5c84adf1e10895877bc756a453cc?s=96&d=mm&r=g\",\"contentUrl\":\"https:\\\/\\\/secure.gravatar.com\\\/avatar\\\/babadadf206e9691570a5abffb95bee052ff5c84adf1e10895877bc756a453cc?s=96&d=mm&r=g\",\"caption\":\"Vanni Petrelli\"},\"sameAs\":[\"https:\\\/\\\/x.com\\\/strategie3srls@gmail.com\"],\"url\":\"https:\\\/\\\/www.filcacisl.it\\\/sindacato\\\/author\\\/redazione\\\/\"}]}<\/script>\n<!-- \/ Yoast SEO plugin. -->","yoast_head_json":{"title":"\"VIA LA TASSA SULLA PRIMA CASA\" - Filca CISL","robots":{"index":"index","follow":"follow","max-snippet":"max-snippet:-1","max-image-preview":"max-image-preview:large","max-video-preview":"max-video-preview:-1"},"canonical":"https:\/\/www.filcacisl.it\/sindacato\/via-la-tassa-sulla-prima-casa\/","og_locale":"it_IT","og_type":"article","og_title":"\"VIA LA TASSA SULLA PRIMA CASA\" - Filca CISL","og_description":"Lo ha ripetuto il segretario generale della Cisl, Raffaele Bonanni. \"I lavoratori ed i pensionati - ha detto - gi\u00e0 pagano tasse allo stato, ai comuni, alle regioni, tasse che nessun europeo paga, ed in pi\u00f9 le indirette come quella sulla benzina, sempre pi\u00f9 alte\"","og_url":"https:\/\/www.filcacisl.it\/sindacato\/via-la-tassa-sulla-prima-casa\/","og_site_name":"Filca CISL","article_publisher":"https:\/\/www.facebook.com\/Filca-Cisl-nazionale-308470056393070\/","article_published_time":"2012-05-03T09:59:06+00:00","author":"Vanni Petrelli","twitter_card":"summary_large_image","twitter_creator":"@strategie3srls@gmail.com","twitter_site":"@filcacisl","twitter_misc":{"Scritto da":"Vanni Petrelli","Tempo di lettura stimato":"1 minuto"},"schema":{"@context":"https:\/\/schema.org","@graph":[{"@type":"Article","@id":"https:\/\/www.filcacisl.it\/sindacato\/via-la-tassa-sulla-prima-casa\/#article","isPartOf":{"@id":"https:\/\/www.filcacisl.it\/sindacato\/via-la-tassa-sulla-prima-casa\/"},"author":{"name":"Vanni Petrelli","@id":"https:\/\/www.filcacisl.it\/sindacato\/#\/schema\/person\/e71a39dcbb4e2d46dd1f4ea8c68e6369"},"headline":"&#8220;VIA LA TASSA SULLA PRIMA CASA&#8221;","datePublished":"2012-05-03T09:59:06+00:00","mainEntityOfPage":{"@id":"https:\/\/www.filcacisl.it\/sindacato\/via-la-tassa-sulla-prima-casa\/"},"wordCount":303,"commentCount":0,"publisher":{"@id":"https:\/\/www.filcacisl.it\/sindacato\/#organization"},"image":{"@id":"https:\/\/www.filcacisl.it\/sindacato\/via-la-tassa-sulla-prima-casa\/#primaryimage"},"thumbnailUrl":"","articleSection":["Attualit\u00e0"],"inLanguage":"it-IT","potentialAction":[{"@type":"CommentAction","name":"Comment","target":["https:\/\/www.filcacisl.it\/sindacato\/via-la-tassa-sulla-prima-casa\/#respond"]}]},{"@type":"WebPage","@id":"https:\/\/www.filcacisl.it\/sindacato\/via-la-tassa-sulla-prima-casa\/","url":"https:\/\/www.filcacisl.it\/sindacato\/via-la-tassa-sulla-prima-casa\/","name":"\"VIA LA TASSA SULLA PRIMA CASA\" - Filca CISL","isPartOf":{"@id":"https:\/\/www.filcacisl.it\/sindacato\/#website"},"primaryImageOfPage":{"@id":"https:\/\/www.filcacisl.it\/sindacato\/via-la-tassa-sulla-prima-casa\/#primaryimage"},"image":{"@id":"https:\/\/www.filcacisl.it\/sindacato\/via-la-tassa-sulla-prima-casa\/#primaryimage"},"thumbnailUrl":"","datePublished":"2012-05-03T09:59:06+00:00","breadcrumb":{"@id":"https:\/\/www.filcacisl.it\/sindacato\/via-la-tassa-sulla-prima-casa\/#breadcrumb"},"inLanguage":"it-IT","potentialAction":[{"@type":"ReadAction","target":["https:\/\/www.filcacisl.it\/sindacato\/via-la-tassa-sulla-prima-casa\/"]}]},{"@type":"ImageObject","inLanguage":"it-IT","@id":"https:\/\/www.filcacisl.it\/sindacato\/via-la-tassa-sulla-prima-casa\/#primaryimage","url":"","contentUrl":""},{"@type":"BreadcrumbList","@id":"https:\/\/www.filcacisl.it\/sindacato\/via-la-tassa-sulla-prima-casa\/#breadcrumb","itemListElement":[{"@type":"ListItem","position":1,"name":"Home","item":"https:\/\/www.filcacisl.it\/sindacato\/"},{"@type":"ListItem","position":2,"name":"&#8220;VIA LA TASSA SULLA PRIMA CASA&#8221;"}]},{"@type":"WebSite","@id":"https:\/\/www.filcacisl.it\/sindacato\/#website","url":"https:\/\/www.filcacisl.it\/sindacato\/","name":"Filca CISL","description":"Federazione Italiana Lavoratori Costruzioni e Affini","publisher":{"@id":"https:\/\/www.filcacisl.it\/sindacato\/#organization"},"potentialAction":[{"@type":"SearchAction","target":{"@type":"EntryPoint","urlTemplate":"https:\/\/www.filcacisl.it\/sindacato\/?s={search_term_string}"},"query-input":{"@type":"PropertyValueSpecification","valueRequired":true,"valueName":"search_term_string"}}],"inLanguage":"it-IT"},{"@type":"Organization","@id":"https:\/\/www.filcacisl.it\/sindacato\/#organization","name":"FILCA CISL","url":"https:\/\/www.filcacisl.it\/sindacato\/","logo":{"@type":"ImageObject","inLanguage":"it-IT","@id":"https:\/\/www.filcacisl.it\/sindacato\/#\/schema\/logo\/image\/","url":"https:\/\/www.filcacisl.it\/sindacato\/wp-content\/uploads\/2022\/01\/cropped-logo-filca-new.jpg","contentUrl":"https:\/\/www.filcacisl.it\/sindacato\/wp-content\/uploads\/2022\/01\/cropped-logo-filca-new.jpg","width":2048,"height":586,"caption":"FILCA CISL"},"image":{"@id":"https:\/\/www.filcacisl.it\/sindacato\/#\/schema\/logo\/image\/"},"sameAs":["https:\/\/www.facebook.com\/Filca-Cisl-nazionale-308470056393070\/","https:\/\/x.com\/filcacisl"]},{"@type":"Person","@id":"https:\/\/www.filcacisl.it\/sindacato\/#\/schema\/person\/e71a39dcbb4e2d46dd1f4ea8c68e6369","name":"Vanni Petrelli","image":{"@type":"ImageObject","inLanguage":"it-IT","@id":"https:\/\/secure.gravatar.com\/avatar\/babadadf206e9691570a5abffb95bee052ff5c84adf1e10895877bc756a453cc?s=96&d=mm&r=g","url":"https:\/\/secure.gravatar.com\/avatar\/babadadf206e9691570a5abffb95bee052ff5c84adf1e10895877bc756a453cc?s=96&d=mm&r=g","contentUrl":"https:\/\/secure.gravatar.com\/avatar\/babadadf206e9691570a5abffb95bee052ff5c84adf1e10895877bc756a453cc?s=96&d=mm&r=g","caption":"Vanni Petrelli"},"sameAs":["https:\/\/x.com\/strategie3srls@gmail.com"],"url":"https:\/\/www.filcacisl.it\/sindacato\/author\/redazione\/"}]}},"_links":{"self":[{"href":"https:\/\/www.filcacisl.it\/sindacato\/wp-json\/wp\/v2\/posts\/14948","targetHints":{"allow":["GET"]}}],"collection":[{"href":"https:\/\/www.filcacisl.it\/sindacato\/wp-json\/wp\/v2\/posts"}],"about":[{"href":"https:\/\/www.filcacisl.it\/sindacato\/wp-json\/wp\/v2\/types\/post"}],"author":[{"embeddable":true,"href":"https:\/\/www.filcacisl.it\/sindacato\/wp-json\/wp\/v2\/users\/11"}],"replies":[{"embeddable":true,"href":"https:\/\/www.filcacisl.it\/sindacato\/wp-json\/wp\/v2\/comments?post=14948"}],"version-history":[{"count":0,"href":"https:\/\/www.filcacisl.it\/sindacato\/wp-json\/wp\/v2\/posts\/14948\/revisions"}],"wp:attachment":[{"href":"https:\/\/www.filcacisl.it\/sindacato\/wp-json\/wp\/v2\/media?parent=14948"}],"wp:term":[{"taxonomy":"category","embeddable":true,"href":"https:\/\/www.filcacisl.it\/sindacato\/wp-json\/wp\/v2\/categories?post=14948"},{"taxonomy":"post_tag","embeddable":true,"href":"https:\/\/www.filcacisl.it\/sindacato\/wp-json\/wp\/v2\/tags?post=14948"}],"curies":[{"name":"wp","href":"https:\/\/api.w.org\/{rel}","templated":true}]}}