{"id":14944,"date":"2012-05-03T11:23:20","date_gmt":"2012-05-03T09:23:20","guid":{"rendered":"http:\/\/www.filcacisl.it\/sindacato\/?p=14944"},"modified":"2012-05-03T11:23:20","modified_gmt":"2012-05-03T09:23:20","slug":"iniziativa-filca-fisascat-e-cisl-piemonte-sul-tema-lappalto-pubblico-e-lazione-sindacale","status":"publish","type":"post","link":"https:\/\/www.filcacisl.it\/sindacato\/iniziativa-filca-fisascat-e-cisl-piemonte-sul-tema-lappalto-pubblico-e-lazione-sindacale\/","title":{"rendered":"INIZIATIVA FILCA, FISASCAT E CISL PIEMONTE SUL TEMA &#8220;L&#8217;APPALTO PUBBLICO E L&#8217;AZIONE SINDACALE&#8221;"},"content":{"rendered":"<p>Le segreterie regionali di FILCA e FISASCAT insieme alla CISL regionale hanno organizzato un seminario formativo dal titolo \u201cL\u2019appalto pubblico e l\u2019azione sindacale\u201d. L\u2019iniziativa \u00e8 nata per dare seguito al precedente appuntamento nel quale si \u00e8 parlato di bilateralit\u00e0.<\/p>\n<p>Le nuove sfide che il mondo del lavoro ci mette davanti richiedono la capacit\u00e0, per parte sindacale, di trovare risposte nuove alle situazioni in continuo e rapido divenire e la disponibilit\u00e0 ad abbandonare schemi d\u2019intervento, ai quali eravamo abituati, ma che sono sempre meno efficaci, per altri pi\u00f9 rispondenti all\u2019attuale. Lo scambio delle esperienze fatte nei rispettivi settori pu\u00f2 essere strumento utile a favorire la costruzione di nuovi approcci.<\/p>\n<p>Proprio questo \u00e8 venuto fuori dal precedente incontro. Le problematiche incontrate in settori, apparentemente molto dissimili, hanno prodotto, per differenti percorsi, la stessa risposta: lo sviluppo della bilateralit\u00e0. Il successivo scambio di esperienza a riguardo, sperimentato nel seminario precedente, ha reso visibili, ad ognuno per la sua parte, i pregi o le eccellenze da consolidare e valorizzare, ma anche evidenziato le debolezze, le criticit\u00e0 su cui ancora \u00e8 necessario progettare, correggere, fare opera di raffinazione. Magari cooperando oltre i confini della propria categoria nella costruzione di idee intorno a temi cos\u00ec importanti per il sindacato di oggi.<\/p>\n<p>\u201cQuando quindici anni fa in FILCA ragionavamo di DURC tutto pensavamo tranne che sarebbe diventato patrimonio comune di tutta la CISL e di tutto il mondo del lavoro. Ma \u00e8 anche l\u2019azione coordinata di tutte le categorie che ha permesso il raggiungimento di quest\u2019importante obiettivo e sempre l\u2019azione comune potr\u00e0 in futuro perfezionare quanto sin qui costruito\u201d dice il Segretario Generale regionale della FILCA Piero Donnola, a testimonianza dello spirito che anima questi incontri.<\/p>\n<p>Per parte sua, il Segretario Generale regionale della FISASCAT Irmo Caretti ci richiama sull\u2019importanza di iniziative di questo tipo da lui fortemente volute: \u201cI problemi che i nostri lavoratori incontrano sono sempre pi\u00f9 gli stessi incontrati dai lavoratori di altri settori e se \u00e8 partendo dalle necessit\u00e0 dei lavoratori che dobbiamo costruire la nostra azione, conoscere le buone esperienze fatte da altri ci pu\u00f2 arricchire cos\u00ec come le nostre buone esperienze possono ispirare, stimolare gli altri\u201d.<\/p>\n<p>Nel seminario odierno si \u00e8 parlato di appalti pubblici e delle leggi che li regolano: altro punto di contatto evidente tra i settori dell\u2019edilizia e dei servizi.<\/p>\n<p>Viene naturale una domanda: \u201cPerch\u00e9 un operatore sindacale deve conoscere questa materia dal momento che altri sono i soggetti che hanno il compito di presidiare e intervenire in quest\u2019area?\u201d. La risposta \u00e8 altrettanto naturale: \u201cPerch\u00e9 non lo fanno o comunque quasi mai in modo tempestivo ed efficace. E ad ogni modo mai con le attenzioni o la sensibilit\u00e0 proprie di un punto di vista sindacale.\u201d<\/p>\n<p>Le leggi che regolano l\u2019assegnazione degli appalti pubblici agiscono significativamente sulla qualit\u00e0 del lavoro, sul livello delle retribuzioni e, ancora di pi\u00f9, sulle condizioni di sicurezza dei lavoratori. Molte delle regole che sono state scritte arrivano da nostre sollecitazioni ed \u00e8 quindi nostro preciso dovere e interesse pretenderne l\u2019applicazione. Dall\u2019altra parte sempre nostro \u00e8 il compito di denunciare, stimolare e proporre nuove soluzioni, miglioramenti e quant\u2019altro, laddove di pi\u00f9 pu\u00f2 e dev\u2019essere fatto.<\/p>\n<p>La cosa si complica quando la nostra azione si sposta nel privato. L\u00ec la legislazione pu\u00f2 arrivare fino ad un certo punto ed ancora pi\u00f9 inesistente risulta essere l\u2019esercizio del controllo. Ma dove non arrivano le leggi possiamo arrivare noi con il contratto, dove non arriva il controllo possiamo arrivare noi con la nostra azione di denuncia. Questo pu\u00f2 essere possibile per\u00f2 solo costruendo competenza e promuovendo una cultura sindacale dell\u2019appalto, o meglio dell\u2019assegnazione di un lavoro, e della sua esecuzione.<\/p>\n<p>Le conclusioni dei lavori sono state affidate al Segretario Organizzativo della CISL del Piemonte Giuseppe Scarsi che ha accolto con favore l\u2019iniziativa e ha richiamato l\u2019attenzione sugli appalti pubblici che possono essere campo d\u2019azione anche per altre categorie.<\/p>\n","protected":false},"excerpt":{"rendered":"<p>L\u2019iniziativa \u00e8 nata per dare seguito al precedente appuntamento nel quale si \u00e8 parlato di bilateralit\u00e0<\/p>\n","protected":false},"author":11,"featured_media":0,"comment_status":"open","ping_status":"open","sticky":false,"template":"","format":"standard","meta":{"cybocfi_hide_featured_image":"","footnotes":""},"categories":[23],"tags":[],"class_list":["post-14944","post","type-post","status-publish","format-standard","hentry","category-filca-dal-territorio"],"yoast_head":"<!-- This site is optimized with the Yoast SEO plugin v28.4 - https:\/\/yoast.com\/product\/yoast-seo-wordpress\/ -->\n<title>INIZIATIVA FILCA, FISASCAT E CISL PIEMONTE SUL TEMA &quot;L&#039;APPALTO PUBBLICO E L&#039;AZIONE SINDACALE&quot; - Filca CISL<\/title>\n<meta name=\"robots\" content=\"index, follow, max-snippet:-1, max-image-preview:large, max-video-preview:-1\" \/>\n<link rel=\"canonical\" href=\"https:\/\/www.filcacisl.it\/sindacato\/iniziativa-filca-fisascat-e-cisl-piemonte-sul-tema-lappalto-pubblico-e-lazione-sindacale\/\" \/>\n<meta property=\"og:locale\" content=\"it_IT\" \/>\n<meta property=\"og:type\" content=\"article\" \/>\n<meta property=\"og:title\" content=\"INIZIATIVA FILCA, FISASCAT E CISL PIEMONTE SUL TEMA &quot;L&#039;APPALTO PUBBLICO E L&#039;AZIONE SINDACALE&quot; - Filca CISL\" \/>\n<meta property=\"og:description\" content=\"L\u2019iniziativa \u00e8 nata per dare seguito al precedente appuntamento nel quale si \u00e8 parlato di bilateralit\u00e0\" \/>\n<meta property=\"og:url\" content=\"https:\/\/www.filcacisl.it\/sindacato\/iniziativa-filca-fisascat-e-cisl-piemonte-sul-tema-lappalto-pubblico-e-lazione-sindacale\/\" \/>\n<meta property=\"og:site_name\" content=\"Filca CISL\" \/>\n<meta property=\"article:publisher\" content=\"https:\/\/www.facebook.com\/Filca-Cisl-nazionale-308470056393070\/\" \/>\n<meta property=\"article:published_time\" content=\"2012-05-03T09:23:20+00:00\" \/>\n<meta name=\"author\" content=\"Vanni Petrelli\" \/>\n<meta name=\"twitter:card\" content=\"summary_large_image\" \/>\n<meta name=\"twitter:creator\" content=\"@strategie3srls@gmail.com\" \/>\n<meta name=\"twitter:site\" content=\"@filcacisl\" \/>\n<meta name=\"twitter:label1\" content=\"Scritto da\" \/>\n\t<meta name=\"twitter:data1\" content=\"Vanni Petrelli\" \/>\n\t<meta name=\"twitter:label2\" content=\"Tempo di lettura stimato\" \/>\n\t<meta name=\"twitter:data2\" content=\"3 minuti\" \/>\n<script type=\"application\/ld+json\" class=\"yoast-schema-graph\">{\"@context\":\"https:\\\/\\\/schema.org\",\"@graph\":[{\"@type\":\"Article\",\"@id\":\"https:\\\/\\\/www.filcacisl.it\\\/sindacato\\\/iniziativa-filca-fisascat-e-cisl-piemonte-sul-tema-lappalto-pubblico-e-lazione-sindacale\\\/#article\",\"isPartOf\":{\"@id\":\"https:\\\/\\\/www.filcacisl.it\\\/sindacato\\\/iniziativa-filca-fisascat-e-cisl-piemonte-sul-tema-lappalto-pubblico-e-lazione-sindacale\\\/\"},\"author\":{\"name\":\"Vanni Petrelli\",\"@id\":\"https:\\\/\\\/www.filcacisl.it\\\/sindacato\\\/#\\\/schema\\\/person\\\/e71a39dcbb4e2d46dd1f4ea8c68e6369\"},\"headline\":\"INIZIATIVA FILCA, FISASCAT E CISL PIEMONTE SUL TEMA &#8220;L&#8217;APPALTO PUBBLICO E L&#8217;AZIONE SINDACALE&#8221;\",\"datePublished\":\"2012-05-03T09:23:20+00:00\",\"mainEntityOfPage\":{\"@id\":\"https:\\\/\\\/www.filcacisl.it\\\/sindacato\\\/iniziativa-filca-fisascat-e-cisl-piemonte-sul-tema-lappalto-pubblico-e-lazione-sindacale\\\/\"},\"wordCount\":666,\"commentCount\":0,\"publisher\":{\"@id\":\"https:\\\/\\\/www.filcacisl.it\\\/sindacato\\\/#organization\"},\"articleSection\":[\"Filca - Dal territorio\"],\"inLanguage\":\"it-IT\",\"potentialAction\":[{\"@type\":\"CommentAction\",\"name\":\"Comment\",\"target\":[\"https:\\\/\\\/www.filcacisl.it\\\/sindacato\\\/iniziativa-filca-fisascat-e-cisl-piemonte-sul-tema-lappalto-pubblico-e-lazione-sindacale\\\/#respond\"]}]},{\"@type\":\"WebPage\",\"@id\":\"https:\\\/\\\/www.filcacisl.it\\\/sindacato\\\/iniziativa-filca-fisascat-e-cisl-piemonte-sul-tema-lappalto-pubblico-e-lazione-sindacale\\\/\",\"url\":\"https:\\\/\\\/www.filcacisl.it\\\/sindacato\\\/iniziativa-filca-fisascat-e-cisl-piemonte-sul-tema-lappalto-pubblico-e-lazione-sindacale\\\/\",\"name\":\"INIZIATIVA FILCA, FISASCAT E CISL PIEMONTE SUL TEMA \\\"L'APPALTO PUBBLICO E L'AZIONE SINDACALE\\\" - Filca CISL\",\"isPartOf\":{\"@id\":\"https:\\\/\\\/www.filcacisl.it\\\/sindacato\\\/#website\"},\"datePublished\":\"2012-05-03T09:23:20+00:00\",\"breadcrumb\":{\"@id\":\"https:\\\/\\\/www.filcacisl.it\\\/sindacato\\\/iniziativa-filca-fisascat-e-cisl-piemonte-sul-tema-lappalto-pubblico-e-lazione-sindacale\\\/#breadcrumb\"},\"inLanguage\":\"it-IT\",\"potentialAction\":[{\"@type\":\"ReadAction\",\"target\":[\"https:\\\/\\\/www.filcacisl.it\\\/sindacato\\\/iniziativa-filca-fisascat-e-cisl-piemonte-sul-tema-lappalto-pubblico-e-lazione-sindacale\\\/\"]}]},{\"@type\":\"BreadcrumbList\",\"@id\":\"https:\\\/\\\/www.filcacisl.it\\\/sindacato\\\/iniziativa-filca-fisascat-e-cisl-piemonte-sul-tema-lappalto-pubblico-e-lazione-sindacale\\\/#breadcrumb\",\"itemListElement\":[{\"@type\":\"ListItem\",\"position\":1,\"name\":\"Home\",\"item\":\"https:\\\/\\\/www.filcacisl.it\\\/sindacato\\\/\"},{\"@type\":\"ListItem\",\"position\":2,\"name\":\"INIZIATIVA FILCA, FISASCAT E CISL PIEMONTE SUL TEMA &#8220;L&#8217;APPALTO PUBBLICO E L&#8217;AZIONE SINDACALE&#8221;\"}]},{\"@type\":\"WebSite\",\"@id\":\"https:\\\/\\\/www.filcacisl.it\\\/sindacato\\\/#website\",\"url\":\"https:\\\/\\\/www.filcacisl.it\\\/sindacato\\\/\",\"name\":\"Filca CISL\",\"description\":\"Federazione Italiana Lavoratori Costruzioni e Affini\",\"publisher\":{\"@id\":\"https:\\\/\\\/www.filcacisl.it\\\/sindacato\\\/#organization\"},\"potentialAction\":[{\"@type\":\"SearchAction\",\"target\":{\"@type\":\"EntryPoint\",\"urlTemplate\":\"https:\\\/\\\/www.filcacisl.it\\\/sindacato\\\/?s={search_term_string}\"},\"query-input\":{\"@type\":\"PropertyValueSpecification\",\"valueRequired\":true,\"valueName\":\"search_term_string\"}}],\"inLanguage\":\"it-IT\"},{\"@type\":\"Organization\",\"@id\":\"https:\\\/\\\/www.filcacisl.it\\\/sindacato\\\/#organization\",\"name\":\"FILCA CISL\",\"url\":\"https:\\\/\\\/www.filcacisl.it\\\/sindacato\\\/\",\"logo\":{\"@type\":\"ImageObject\",\"inLanguage\":\"it-IT\",\"@id\":\"https:\\\/\\\/www.filcacisl.it\\\/sindacato\\\/#\\\/schema\\\/logo\\\/image\\\/\",\"url\":\"https:\\\/\\\/www.filcacisl.it\\\/sindacato\\\/wp-content\\\/uploads\\\/2022\\\/01\\\/cropped-logo-filca-new.jpg\",\"contentUrl\":\"https:\\\/\\\/www.filcacisl.it\\\/sindacato\\\/wp-content\\\/uploads\\\/2022\\\/01\\\/cropped-logo-filca-new.jpg\",\"width\":2048,\"height\":586,\"caption\":\"FILCA CISL\"},\"image\":{\"@id\":\"https:\\\/\\\/www.filcacisl.it\\\/sindacato\\\/#\\\/schema\\\/logo\\\/image\\\/\"},\"sameAs\":[\"https:\\\/\\\/www.facebook.com\\\/Filca-Cisl-nazionale-308470056393070\\\/\",\"https:\\\/\\\/x.com\\\/filcacisl\"]},{\"@type\":\"Person\",\"@id\":\"https:\\\/\\\/www.filcacisl.it\\\/sindacato\\\/#\\\/schema\\\/person\\\/e71a39dcbb4e2d46dd1f4ea8c68e6369\",\"name\":\"Vanni Petrelli\",\"image\":{\"@type\":\"ImageObject\",\"inLanguage\":\"it-IT\",\"@id\":\"https:\\\/\\\/secure.gravatar.com\\\/avatar\\\/babadadf206e9691570a5abffb95bee052ff5c84adf1e10895877bc756a453cc?s=96&d=mm&r=g\",\"url\":\"https:\\\/\\\/secure.gravatar.com\\\/avatar\\\/babadadf206e9691570a5abffb95bee052ff5c84adf1e10895877bc756a453cc?s=96&d=mm&r=g\",\"contentUrl\":\"https:\\\/\\\/secure.gravatar.com\\\/avatar\\\/babadadf206e9691570a5abffb95bee052ff5c84adf1e10895877bc756a453cc?s=96&d=mm&r=g\",\"caption\":\"Vanni Petrelli\"},\"sameAs\":[\"https:\\\/\\\/x.com\\\/strategie3srls@gmail.com\"],\"url\":\"https:\\\/\\\/www.filcacisl.it\\\/sindacato\\\/author\\\/redazione\\\/\"}]}<\/script>\n<!-- \/ Yoast SEO plugin. -->","yoast_head_json":{"title":"INIZIATIVA FILCA, FISASCAT E CISL PIEMONTE SUL TEMA \"L'APPALTO PUBBLICO E L'AZIONE SINDACALE\" - Filca CISL","robots":{"index":"index","follow":"follow","max-snippet":"max-snippet:-1","max-image-preview":"max-image-preview:large","max-video-preview":"max-video-preview:-1"},"canonical":"https:\/\/www.filcacisl.it\/sindacato\/iniziativa-filca-fisascat-e-cisl-piemonte-sul-tema-lappalto-pubblico-e-lazione-sindacale\/","og_locale":"it_IT","og_type":"article","og_title":"INIZIATIVA FILCA, FISASCAT E CISL PIEMONTE SUL TEMA \"L'APPALTO PUBBLICO E L'AZIONE SINDACALE\" - Filca CISL","og_description":"L\u2019iniziativa \u00e8 nata per dare seguito al precedente appuntamento nel quale si \u00e8 parlato di bilateralit\u00e0","og_url":"https:\/\/www.filcacisl.it\/sindacato\/iniziativa-filca-fisascat-e-cisl-piemonte-sul-tema-lappalto-pubblico-e-lazione-sindacale\/","og_site_name":"Filca CISL","article_publisher":"https:\/\/www.facebook.com\/Filca-Cisl-nazionale-308470056393070\/","article_published_time":"2012-05-03T09:23:20+00:00","author":"Vanni Petrelli","twitter_card":"summary_large_image","twitter_creator":"@strategie3srls@gmail.com","twitter_site":"@filcacisl","twitter_misc":{"Scritto da":"Vanni Petrelli","Tempo di lettura stimato":"3 minuti"},"schema":{"@context":"https:\/\/schema.org","@graph":[{"@type":"Article","@id":"https:\/\/www.filcacisl.it\/sindacato\/iniziativa-filca-fisascat-e-cisl-piemonte-sul-tema-lappalto-pubblico-e-lazione-sindacale\/#article","isPartOf":{"@id":"https:\/\/www.filcacisl.it\/sindacato\/iniziativa-filca-fisascat-e-cisl-piemonte-sul-tema-lappalto-pubblico-e-lazione-sindacale\/"},"author":{"name":"Vanni Petrelli","@id":"https:\/\/www.filcacisl.it\/sindacato\/#\/schema\/person\/e71a39dcbb4e2d46dd1f4ea8c68e6369"},"headline":"INIZIATIVA FILCA, FISASCAT E CISL PIEMONTE SUL TEMA &#8220;L&#8217;APPALTO PUBBLICO E L&#8217;AZIONE SINDACALE&#8221;","datePublished":"2012-05-03T09:23:20+00:00","mainEntityOfPage":{"@id":"https:\/\/www.filcacisl.it\/sindacato\/iniziativa-filca-fisascat-e-cisl-piemonte-sul-tema-lappalto-pubblico-e-lazione-sindacale\/"},"wordCount":666,"commentCount":0,"publisher":{"@id":"https:\/\/www.filcacisl.it\/sindacato\/#organization"},"articleSection":["Filca - Dal territorio"],"inLanguage":"it-IT","potentialAction":[{"@type":"CommentAction","name":"Comment","target":["https:\/\/www.filcacisl.it\/sindacato\/iniziativa-filca-fisascat-e-cisl-piemonte-sul-tema-lappalto-pubblico-e-lazione-sindacale\/#respond"]}]},{"@type":"WebPage","@id":"https:\/\/www.filcacisl.it\/sindacato\/iniziativa-filca-fisascat-e-cisl-piemonte-sul-tema-lappalto-pubblico-e-lazione-sindacale\/","url":"https:\/\/www.filcacisl.it\/sindacato\/iniziativa-filca-fisascat-e-cisl-piemonte-sul-tema-lappalto-pubblico-e-lazione-sindacale\/","name":"INIZIATIVA FILCA, FISASCAT E CISL PIEMONTE SUL TEMA \"L'APPALTO PUBBLICO E L'AZIONE SINDACALE\" - Filca CISL","isPartOf":{"@id":"https:\/\/www.filcacisl.it\/sindacato\/#website"},"datePublished":"2012-05-03T09:23:20+00:00","breadcrumb":{"@id":"https:\/\/www.filcacisl.it\/sindacato\/iniziativa-filca-fisascat-e-cisl-piemonte-sul-tema-lappalto-pubblico-e-lazione-sindacale\/#breadcrumb"},"inLanguage":"it-IT","potentialAction":[{"@type":"ReadAction","target":["https:\/\/www.filcacisl.it\/sindacato\/iniziativa-filca-fisascat-e-cisl-piemonte-sul-tema-lappalto-pubblico-e-lazione-sindacale\/"]}]},{"@type":"BreadcrumbList","@id":"https:\/\/www.filcacisl.it\/sindacato\/iniziativa-filca-fisascat-e-cisl-piemonte-sul-tema-lappalto-pubblico-e-lazione-sindacale\/#breadcrumb","itemListElement":[{"@type":"ListItem","position":1,"name":"Home","item":"https:\/\/www.filcacisl.it\/sindacato\/"},{"@type":"ListItem","position":2,"name":"INIZIATIVA FILCA, FISASCAT E CISL PIEMONTE SUL TEMA &#8220;L&#8217;APPALTO PUBBLICO E L&#8217;AZIONE SINDACALE&#8221;"}]},{"@type":"WebSite","@id":"https:\/\/www.filcacisl.it\/sindacato\/#website","url":"https:\/\/www.filcacisl.it\/sindacato\/","name":"Filca CISL","description":"Federazione Italiana Lavoratori Costruzioni e Affini","publisher":{"@id":"https:\/\/www.filcacisl.it\/sindacato\/#organization"},"potentialAction":[{"@type":"SearchAction","target":{"@type":"EntryPoint","urlTemplate":"https:\/\/www.filcacisl.it\/sindacato\/?s={search_term_string}"},"query-input":{"@type":"PropertyValueSpecification","valueRequired":true,"valueName":"search_term_string"}}],"inLanguage":"it-IT"},{"@type":"Organization","@id":"https:\/\/www.filcacisl.it\/sindacato\/#organization","name":"FILCA CISL","url":"https:\/\/www.filcacisl.it\/sindacato\/","logo":{"@type":"ImageObject","inLanguage":"it-IT","@id":"https:\/\/www.filcacisl.it\/sindacato\/#\/schema\/logo\/image\/","url":"https:\/\/www.filcacisl.it\/sindacato\/wp-content\/uploads\/2022\/01\/cropped-logo-filca-new.jpg","contentUrl":"https:\/\/www.filcacisl.it\/sindacato\/wp-content\/uploads\/2022\/01\/cropped-logo-filca-new.jpg","width":2048,"height":586,"caption":"FILCA CISL"},"image":{"@id":"https:\/\/www.filcacisl.it\/sindacato\/#\/schema\/logo\/image\/"},"sameAs":["https:\/\/www.facebook.com\/Filca-Cisl-nazionale-308470056393070\/","https:\/\/x.com\/filcacisl"]},{"@type":"Person","@id":"https:\/\/www.filcacisl.it\/sindacato\/#\/schema\/person\/e71a39dcbb4e2d46dd1f4ea8c68e6369","name":"Vanni Petrelli","image":{"@type":"ImageObject","inLanguage":"it-IT","@id":"https:\/\/secure.gravatar.com\/avatar\/babadadf206e9691570a5abffb95bee052ff5c84adf1e10895877bc756a453cc?s=96&d=mm&r=g","url":"https:\/\/secure.gravatar.com\/avatar\/babadadf206e9691570a5abffb95bee052ff5c84adf1e10895877bc756a453cc?s=96&d=mm&r=g","contentUrl":"https:\/\/secure.gravatar.com\/avatar\/babadadf206e9691570a5abffb95bee052ff5c84adf1e10895877bc756a453cc?s=96&d=mm&r=g","caption":"Vanni Petrelli"},"sameAs":["https:\/\/x.com\/strategie3srls@gmail.com"],"url":"https:\/\/www.filcacisl.it\/sindacato\/author\/redazione\/"}]}},"_links":{"self":[{"href":"https:\/\/www.filcacisl.it\/sindacato\/wp-json\/wp\/v2\/posts\/14944","targetHints":{"allow":["GET"]}}],"collection":[{"href":"https:\/\/www.filcacisl.it\/sindacato\/wp-json\/wp\/v2\/posts"}],"about":[{"href":"https:\/\/www.filcacisl.it\/sindacato\/wp-json\/wp\/v2\/types\/post"}],"author":[{"embeddable":true,"href":"https:\/\/www.filcacisl.it\/sindacato\/wp-json\/wp\/v2\/users\/11"}],"replies":[{"embeddable":true,"href":"https:\/\/www.filcacisl.it\/sindacato\/wp-json\/wp\/v2\/comments?post=14944"}],"version-history":[{"count":0,"href":"https:\/\/www.filcacisl.it\/sindacato\/wp-json\/wp\/v2\/posts\/14944\/revisions"}],"wp:attachment":[{"href":"https:\/\/www.filcacisl.it\/sindacato\/wp-json\/wp\/v2\/media?parent=14944"}],"wp:term":[{"taxonomy":"category","embeddable":true,"href":"https:\/\/www.filcacisl.it\/sindacato\/wp-json\/wp\/v2\/categories?post=14944"},{"taxonomy":"post_tag","embeddable":true,"href":"https:\/\/www.filcacisl.it\/sindacato\/wp-json\/wp\/v2\/tags?post=14944"}],"curies":[{"name":"wp","href":"https:\/\/api.w.org\/{rel}","templated":true}]}}