{"id":14940,"date":"2012-05-02T20:35:20","date_gmt":"2012-05-02T18:35:20","guid":{"rendered":"http:\/\/www.filcacisl.it\/sindacato\/?p=14940"},"modified":"2012-05-02T20:35:20","modified_gmt":"2012-05-02T18:35:20","slug":"il-4-giugno-a-napoli-manifestazione-di-cgil-cisl-e-uil","status":"publish","type":"post","link":"https:\/\/www.filcacisl.it\/sindacato\/il-4-giugno-a-napoli-manifestazione-di-cgil-cisl-e-uil\/","title":{"rendered":"IL 4 GIUGNO A NAPOLI MANIFESTAZIONE DI CGIL, CISL E UIL"},"content":{"rendered":"<p>Una grande manifestazione a Napoli chiusa dai tre leader nazionali Camusso Bonanni ed Angeletti per rilanciare i temi dello sviluppo e della crescita, contro la cattiva politica e la burocrazia asfissiante. La notizia viene data nel corso della celebrazione del Primo maggio dove il connubio tra lavoro e cultura, ma anche crescita, diritti e legalit\u00e0 sono state le parole chiave della no-stop di musica e cabaret organizzata da Cgil, Cisl e Uil di Napoli, in uno dei punti pi\u00f9 vivi del centro storico, piazza del Ges\u00f9 e dove \u00e8 pi\u00f9 tangibile il vero volto della crisi che sta aggravando un tessuto gi\u00e0 compromesso di per s\u00e9. Basta guardare i dati diffusi dai sindacati (circa 300mila posti di lavoro persi negli ultimi 8 anni, 50mila disoccupati dal 2009 ad oggi, aumento della cassa integrazione a marzo di un pi\u00f9 41,10%) per rendersi conto della gravit\u00e0 di una situazione sempre pi\u00f9 a rischio di una rivolta sociale. Del resto il preoccupante bollettino di suicidi anche a Napoli si sta allungando. L&#8217;ultimo \u00e8 avvenuto proprio alla vigilia della festa del lavoro. &#8220;Una festa particolare, sarebbe pi\u00f9 corretto parlare di un primo maggio di riflessione e di proposte &#8211; dichiara Gianpiero Tipaldi, segretario generale della Cisl cittadina che ha parlato anche a nome delle altre due sigle sindacali &#8211; non \u00e8 una festa visto che a Napoli e nel Mezzogiorno si pu\u00f2 parlare di disoccupazione giovanile, femminile, disoccupati, precari, lavoratori in cassa integrazione e in mobilit\u00e0, esodati, di pensionati sotto la soglia di povert\u00e0 e non certo di lavoro vero&#8221;.\u00a0Poi avverte &#8220;oggi non solo si continua a morire per infortuni sul lavoro ma anche perch\u00e9 il lavoro lo si \u00e8 perso o non lo si trova. Troppi sono i suicidi di questi ultimi mesi per non capire che siamo in piena emergenza e che se non si cambia si rischia seriamente sulla tenuta democratica di questo paese. Nonostante ci\u00f2 abbiamo comunque deciso per il concerto perch\u00e9 vogliamo lanciare un messaggio di fiducia, soprattutto ai giovani&#8221;. Ed \u00e8 massiccia la presenza di giovani in piazza giunti per ascoltare parole e musica e a convincere sempre pi\u00f9 gli organizzatori che il connubio tra lavoro e cultura potrebbe essere una &#8220;carta da giocare&#8221; per lo sviluppo non solo della citt\u00e0, ma dell&#8217;intera regione. &#8220;I nostri problemi avrebbero bisogno di decisioni concrete ed immediate &#8211; aggiunge Tipaldi &#8211; chiediamo al sindaco De Magistris (presente sul palco) di coinvolgere di pi\u00f9 le organizzazioni sindacali, di essere ascoltati. Occorre attivare tutto quello che \u00e8 possibile e ripartire. Questo sindacato sfida tutti sul piano della questione dei contenuti, abbiamo tavoli aperti con le istituzioni, con l&#8217;Unione industriali e altri datori di lavoro, si tratta ora di fare, non pi\u00f9 di chiacchiere. Tempi certi e meno burocrazia. Non ci vogliamo sottrarre dalle nostre responsabilit\u00e0, siamo per fare accordi e portare lavoro&#8221;. Lunga la lista delle cose da fare ma in primis il sindacato chiede &#8221; una sanit\u00e0 e dei trasporti che funzionino, politiche abitative, infrastrutture, un turismo organizzato che porti ricchezza, una capacit\u00e0 di rendere operative e produttive idee e risorse disponibili per quante poche possano essere. Ed ancora una vera politica industriale, di sviluppo, rigorosa ma concreta. Vogliamo pi\u00f9 legalit\u00e0 , meno tasse e che le paghino tutti e non solo noi lavoratori dipendenti e pensionati, chiediamo pi\u00f9 vivibilit\u00e0 e rispetto dell&#8217;ambiente. Purtroppo i partiti e le istituzioni pare siano impegnati solo a far altro. Ma noi non possiamo pi\u00f9 morire di incapacit\u00e0 politica e di burocrazia&#8221; .<\/p>\n","protected":false},"excerpt":{"rendered":"<p>La notizia \u00e8 stata data nel corso della celebrazione del Primo maggio dove il connubio tra lavoro e cultura, ma anche crescita, diritti e legalit\u00e0 sono state le parole chiave della no-stop di musica e cabaret organizzata dai sindacati napoletani<\/p>\n","protected":false},"author":11,"featured_media":0,"comment_status":"open","ping_status":"open","sticky":false,"template":"","format":"standard","meta":{"cybocfi_hide_featured_image":"","footnotes":""},"categories":[31],"tags":[],"class_list":["post-14940","post","type-post","status-publish","format-standard","hentry","category-attualita"],"yoast_head":"<!-- This site is optimized with the Yoast SEO plugin v28.4 - https:\/\/yoast.com\/product\/yoast-seo-wordpress\/ -->\n<title>IL 4 GIUGNO A NAPOLI MANIFESTAZIONE DI CGIL, CISL E UIL - Filca CISL<\/title>\n<meta name=\"robots\" content=\"index, follow, max-snippet:-1, max-image-preview:large, max-video-preview:-1\" \/>\n<link rel=\"canonical\" href=\"https:\/\/www.filcacisl.it\/sindacato\/il-4-giugno-a-napoli-manifestazione-di-cgil-cisl-e-uil\/\" \/>\n<meta property=\"og:locale\" content=\"it_IT\" \/>\n<meta property=\"og:type\" content=\"article\" \/>\n<meta property=\"og:title\" content=\"IL 4 GIUGNO A NAPOLI MANIFESTAZIONE DI CGIL, CISL E UIL - Filca CISL\" \/>\n<meta property=\"og:description\" content=\"La notizia \u00e8 stata data nel corso della celebrazione del Primo maggio dove il connubio tra lavoro e cultura, ma anche crescita, diritti e legalit\u00e0 sono state le parole chiave della no-stop di musica e cabaret organizzata dai sindacati napoletani\" \/>\n<meta property=\"og:url\" content=\"https:\/\/www.filcacisl.it\/sindacato\/il-4-giugno-a-napoli-manifestazione-di-cgil-cisl-e-uil\/\" \/>\n<meta property=\"og:site_name\" content=\"Filca CISL\" \/>\n<meta property=\"article:publisher\" content=\"https:\/\/www.facebook.com\/Filca-Cisl-nazionale-308470056393070\/\" \/>\n<meta property=\"article:published_time\" content=\"2012-05-02T18:35:20+00:00\" \/>\n<meta name=\"author\" content=\"Vanni Petrelli\" \/>\n<meta name=\"twitter:card\" content=\"summary_large_image\" \/>\n<meta name=\"twitter:creator\" content=\"@strategie3srls@gmail.com\" \/>\n<meta name=\"twitter:site\" content=\"@filcacisl\" \/>\n<meta name=\"twitter:label1\" content=\"Scritto da\" \/>\n\t<meta name=\"twitter:data1\" content=\"Vanni Petrelli\" \/>\n\t<meta name=\"twitter:label2\" content=\"Tempo di lettura stimato\" \/>\n\t<meta name=\"twitter:data2\" content=\"3 minuti\" \/>\n<script type=\"application\/ld+json\" class=\"yoast-schema-graph\">{\"@context\":\"https:\\\/\\\/schema.org\",\"@graph\":[{\"@type\":\"Article\",\"@id\":\"https:\\\/\\\/www.filcacisl.it\\\/sindacato\\\/il-4-giugno-a-napoli-manifestazione-di-cgil-cisl-e-uil\\\/#article\",\"isPartOf\":{\"@id\":\"https:\\\/\\\/www.filcacisl.it\\\/sindacato\\\/il-4-giugno-a-napoli-manifestazione-di-cgil-cisl-e-uil\\\/\"},\"author\":{\"name\":\"Vanni Petrelli\",\"@id\":\"https:\\\/\\\/www.filcacisl.it\\\/sindacato\\\/#\\\/schema\\\/person\\\/e71a39dcbb4e2d46dd1f4ea8c68e6369\"},\"headline\":\"IL 4 GIUGNO A NAPOLI MANIFESTAZIONE DI CGIL, CISL E UIL\",\"datePublished\":\"2012-05-02T18:35:20+00:00\",\"mainEntityOfPage\":{\"@id\":\"https:\\\/\\\/www.filcacisl.it\\\/sindacato\\\/il-4-giugno-a-napoli-manifestazione-di-cgil-cisl-e-uil\\\/\"},\"wordCount\":580,\"commentCount\":0,\"publisher\":{\"@id\":\"https:\\\/\\\/www.filcacisl.it\\\/sindacato\\\/#organization\"},\"articleSection\":[\"Attualit\u00e0\"],\"inLanguage\":\"it-IT\",\"potentialAction\":[{\"@type\":\"CommentAction\",\"name\":\"Comment\",\"target\":[\"https:\\\/\\\/www.filcacisl.it\\\/sindacato\\\/il-4-giugno-a-napoli-manifestazione-di-cgil-cisl-e-uil\\\/#respond\"]}]},{\"@type\":\"WebPage\",\"@id\":\"https:\\\/\\\/www.filcacisl.it\\\/sindacato\\\/il-4-giugno-a-napoli-manifestazione-di-cgil-cisl-e-uil\\\/\",\"url\":\"https:\\\/\\\/www.filcacisl.it\\\/sindacato\\\/il-4-giugno-a-napoli-manifestazione-di-cgil-cisl-e-uil\\\/\",\"name\":\"IL 4 GIUGNO A NAPOLI MANIFESTAZIONE DI CGIL, CISL E UIL - Filca CISL\",\"isPartOf\":{\"@id\":\"https:\\\/\\\/www.filcacisl.it\\\/sindacato\\\/#website\"},\"datePublished\":\"2012-05-02T18:35:20+00:00\",\"breadcrumb\":{\"@id\":\"https:\\\/\\\/www.filcacisl.it\\\/sindacato\\\/il-4-giugno-a-napoli-manifestazione-di-cgil-cisl-e-uil\\\/#breadcrumb\"},\"inLanguage\":\"it-IT\",\"potentialAction\":[{\"@type\":\"ReadAction\",\"target\":[\"https:\\\/\\\/www.filcacisl.it\\\/sindacato\\\/il-4-giugno-a-napoli-manifestazione-di-cgil-cisl-e-uil\\\/\"]}]},{\"@type\":\"BreadcrumbList\",\"@id\":\"https:\\\/\\\/www.filcacisl.it\\\/sindacato\\\/il-4-giugno-a-napoli-manifestazione-di-cgil-cisl-e-uil\\\/#breadcrumb\",\"itemListElement\":[{\"@type\":\"ListItem\",\"position\":1,\"name\":\"Home\",\"item\":\"https:\\\/\\\/www.filcacisl.it\\\/sindacato\\\/\"},{\"@type\":\"ListItem\",\"position\":2,\"name\":\"IL 4 GIUGNO A NAPOLI MANIFESTAZIONE DI CGIL, CISL E UIL\"}]},{\"@type\":\"WebSite\",\"@id\":\"https:\\\/\\\/www.filcacisl.it\\\/sindacato\\\/#website\",\"url\":\"https:\\\/\\\/www.filcacisl.it\\\/sindacato\\\/\",\"name\":\"Filca CISL\",\"description\":\"Federazione Italiana Lavoratori Costruzioni e Affini\",\"publisher\":{\"@id\":\"https:\\\/\\\/www.filcacisl.it\\\/sindacato\\\/#organization\"},\"potentialAction\":[{\"@type\":\"SearchAction\",\"target\":{\"@type\":\"EntryPoint\",\"urlTemplate\":\"https:\\\/\\\/www.filcacisl.it\\\/sindacato\\\/?s={search_term_string}\"},\"query-input\":{\"@type\":\"PropertyValueSpecification\",\"valueRequired\":true,\"valueName\":\"search_term_string\"}}],\"inLanguage\":\"it-IT\"},{\"@type\":\"Organization\",\"@id\":\"https:\\\/\\\/www.filcacisl.it\\\/sindacato\\\/#organization\",\"name\":\"FILCA CISL\",\"url\":\"https:\\\/\\\/www.filcacisl.it\\\/sindacato\\\/\",\"logo\":{\"@type\":\"ImageObject\",\"inLanguage\":\"it-IT\",\"@id\":\"https:\\\/\\\/www.filcacisl.it\\\/sindacato\\\/#\\\/schema\\\/logo\\\/image\\\/\",\"url\":\"https:\\\/\\\/www.filcacisl.it\\\/sindacato\\\/wp-content\\\/uploads\\\/2022\\\/01\\\/cropped-logo-filca-new.jpg\",\"contentUrl\":\"https:\\\/\\\/www.filcacisl.it\\\/sindacato\\\/wp-content\\\/uploads\\\/2022\\\/01\\\/cropped-logo-filca-new.jpg\",\"width\":2048,\"height\":586,\"caption\":\"FILCA CISL\"},\"image\":{\"@id\":\"https:\\\/\\\/www.filcacisl.it\\\/sindacato\\\/#\\\/schema\\\/logo\\\/image\\\/\"},\"sameAs\":[\"https:\\\/\\\/www.facebook.com\\\/Filca-Cisl-nazionale-308470056393070\\\/\",\"https:\\\/\\\/x.com\\\/filcacisl\"]},{\"@type\":\"Person\",\"@id\":\"https:\\\/\\\/www.filcacisl.it\\\/sindacato\\\/#\\\/schema\\\/person\\\/e71a39dcbb4e2d46dd1f4ea8c68e6369\",\"name\":\"Vanni Petrelli\",\"image\":{\"@type\":\"ImageObject\",\"inLanguage\":\"it-IT\",\"@id\":\"https:\\\/\\\/secure.gravatar.com\\\/avatar\\\/babadadf206e9691570a5abffb95bee052ff5c84adf1e10895877bc756a453cc?s=96&d=mm&r=g\",\"url\":\"https:\\\/\\\/secure.gravatar.com\\\/avatar\\\/babadadf206e9691570a5abffb95bee052ff5c84adf1e10895877bc756a453cc?s=96&d=mm&r=g\",\"contentUrl\":\"https:\\\/\\\/secure.gravatar.com\\\/avatar\\\/babadadf206e9691570a5abffb95bee052ff5c84adf1e10895877bc756a453cc?s=96&d=mm&r=g\",\"caption\":\"Vanni Petrelli\"},\"sameAs\":[\"https:\\\/\\\/x.com\\\/strategie3srls@gmail.com\"],\"url\":\"https:\\\/\\\/www.filcacisl.it\\\/sindacato\\\/author\\\/redazione\\\/\"}]}<\/script>\n<!-- \/ Yoast SEO plugin. -->","yoast_head_json":{"title":"IL 4 GIUGNO A NAPOLI MANIFESTAZIONE DI CGIL, CISL E UIL - Filca CISL","robots":{"index":"index","follow":"follow","max-snippet":"max-snippet:-1","max-image-preview":"max-image-preview:large","max-video-preview":"max-video-preview:-1"},"canonical":"https:\/\/www.filcacisl.it\/sindacato\/il-4-giugno-a-napoli-manifestazione-di-cgil-cisl-e-uil\/","og_locale":"it_IT","og_type":"article","og_title":"IL 4 GIUGNO A NAPOLI MANIFESTAZIONE DI CGIL, CISL E UIL - Filca CISL","og_description":"La notizia \u00e8 stata data nel corso della celebrazione del Primo maggio dove il connubio tra lavoro e cultura, ma anche crescita, diritti e legalit\u00e0 sono state le parole chiave della no-stop di musica e cabaret organizzata dai sindacati napoletani","og_url":"https:\/\/www.filcacisl.it\/sindacato\/il-4-giugno-a-napoli-manifestazione-di-cgil-cisl-e-uil\/","og_site_name":"Filca CISL","article_publisher":"https:\/\/www.facebook.com\/Filca-Cisl-nazionale-308470056393070\/","article_published_time":"2012-05-02T18:35:20+00:00","author":"Vanni Petrelli","twitter_card":"summary_large_image","twitter_creator":"@strategie3srls@gmail.com","twitter_site":"@filcacisl","twitter_misc":{"Scritto da":"Vanni Petrelli","Tempo di lettura stimato":"3 minuti"},"schema":{"@context":"https:\/\/schema.org","@graph":[{"@type":"Article","@id":"https:\/\/www.filcacisl.it\/sindacato\/il-4-giugno-a-napoli-manifestazione-di-cgil-cisl-e-uil\/#article","isPartOf":{"@id":"https:\/\/www.filcacisl.it\/sindacato\/il-4-giugno-a-napoli-manifestazione-di-cgil-cisl-e-uil\/"},"author":{"name":"Vanni Petrelli","@id":"https:\/\/www.filcacisl.it\/sindacato\/#\/schema\/person\/e71a39dcbb4e2d46dd1f4ea8c68e6369"},"headline":"IL 4 GIUGNO A NAPOLI MANIFESTAZIONE DI CGIL, CISL E UIL","datePublished":"2012-05-02T18:35:20+00:00","mainEntityOfPage":{"@id":"https:\/\/www.filcacisl.it\/sindacato\/il-4-giugno-a-napoli-manifestazione-di-cgil-cisl-e-uil\/"},"wordCount":580,"commentCount":0,"publisher":{"@id":"https:\/\/www.filcacisl.it\/sindacato\/#organization"},"articleSection":["Attualit\u00e0"],"inLanguage":"it-IT","potentialAction":[{"@type":"CommentAction","name":"Comment","target":["https:\/\/www.filcacisl.it\/sindacato\/il-4-giugno-a-napoli-manifestazione-di-cgil-cisl-e-uil\/#respond"]}]},{"@type":"WebPage","@id":"https:\/\/www.filcacisl.it\/sindacato\/il-4-giugno-a-napoli-manifestazione-di-cgil-cisl-e-uil\/","url":"https:\/\/www.filcacisl.it\/sindacato\/il-4-giugno-a-napoli-manifestazione-di-cgil-cisl-e-uil\/","name":"IL 4 GIUGNO A NAPOLI MANIFESTAZIONE DI CGIL, CISL E UIL - Filca CISL","isPartOf":{"@id":"https:\/\/www.filcacisl.it\/sindacato\/#website"},"datePublished":"2012-05-02T18:35:20+00:00","breadcrumb":{"@id":"https:\/\/www.filcacisl.it\/sindacato\/il-4-giugno-a-napoli-manifestazione-di-cgil-cisl-e-uil\/#breadcrumb"},"inLanguage":"it-IT","potentialAction":[{"@type":"ReadAction","target":["https:\/\/www.filcacisl.it\/sindacato\/il-4-giugno-a-napoli-manifestazione-di-cgil-cisl-e-uil\/"]}]},{"@type":"BreadcrumbList","@id":"https:\/\/www.filcacisl.it\/sindacato\/il-4-giugno-a-napoli-manifestazione-di-cgil-cisl-e-uil\/#breadcrumb","itemListElement":[{"@type":"ListItem","position":1,"name":"Home","item":"https:\/\/www.filcacisl.it\/sindacato\/"},{"@type":"ListItem","position":2,"name":"IL 4 GIUGNO A NAPOLI MANIFESTAZIONE DI CGIL, CISL E UIL"}]},{"@type":"WebSite","@id":"https:\/\/www.filcacisl.it\/sindacato\/#website","url":"https:\/\/www.filcacisl.it\/sindacato\/","name":"Filca CISL","description":"Federazione Italiana Lavoratori Costruzioni e Affini","publisher":{"@id":"https:\/\/www.filcacisl.it\/sindacato\/#organization"},"potentialAction":[{"@type":"SearchAction","target":{"@type":"EntryPoint","urlTemplate":"https:\/\/www.filcacisl.it\/sindacato\/?s={search_term_string}"},"query-input":{"@type":"PropertyValueSpecification","valueRequired":true,"valueName":"search_term_string"}}],"inLanguage":"it-IT"},{"@type":"Organization","@id":"https:\/\/www.filcacisl.it\/sindacato\/#organization","name":"FILCA CISL","url":"https:\/\/www.filcacisl.it\/sindacato\/","logo":{"@type":"ImageObject","inLanguage":"it-IT","@id":"https:\/\/www.filcacisl.it\/sindacato\/#\/schema\/logo\/image\/","url":"https:\/\/www.filcacisl.it\/sindacato\/wp-content\/uploads\/2022\/01\/cropped-logo-filca-new.jpg","contentUrl":"https:\/\/www.filcacisl.it\/sindacato\/wp-content\/uploads\/2022\/01\/cropped-logo-filca-new.jpg","width":2048,"height":586,"caption":"FILCA CISL"},"image":{"@id":"https:\/\/www.filcacisl.it\/sindacato\/#\/schema\/logo\/image\/"},"sameAs":["https:\/\/www.facebook.com\/Filca-Cisl-nazionale-308470056393070\/","https:\/\/x.com\/filcacisl"]},{"@type":"Person","@id":"https:\/\/www.filcacisl.it\/sindacato\/#\/schema\/person\/e71a39dcbb4e2d46dd1f4ea8c68e6369","name":"Vanni Petrelli","image":{"@type":"ImageObject","inLanguage":"it-IT","@id":"https:\/\/secure.gravatar.com\/avatar\/babadadf206e9691570a5abffb95bee052ff5c84adf1e10895877bc756a453cc?s=96&d=mm&r=g","url":"https:\/\/secure.gravatar.com\/avatar\/babadadf206e9691570a5abffb95bee052ff5c84adf1e10895877bc756a453cc?s=96&d=mm&r=g","contentUrl":"https:\/\/secure.gravatar.com\/avatar\/babadadf206e9691570a5abffb95bee052ff5c84adf1e10895877bc756a453cc?s=96&d=mm&r=g","caption":"Vanni Petrelli"},"sameAs":["https:\/\/x.com\/strategie3srls@gmail.com"],"url":"https:\/\/www.filcacisl.it\/sindacato\/author\/redazione\/"}]}},"_links":{"self":[{"href":"https:\/\/www.filcacisl.it\/sindacato\/wp-json\/wp\/v2\/posts\/14940","targetHints":{"allow":["GET"]}}],"collection":[{"href":"https:\/\/www.filcacisl.it\/sindacato\/wp-json\/wp\/v2\/posts"}],"about":[{"href":"https:\/\/www.filcacisl.it\/sindacato\/wp-json\/wp\/v2\/types\/post"}],"author":[{"embeddable":true,"href":"https:\/\/www.filcacisl.it\/sindacato\/wp-json\/wp\/v2\/users\/11"}],"replies":[{"embeddable":true,"href":"https:\/\/www.filcacisl.it\/sindacato\/wp-json\/wp\/v2\/comments?post=14940"}],"version-history":[{"count":0,"href":"https:\/\/www.filcacisl.it\/sindacato\/wp-json\/wp\/v2\/posts\/14940\/revisions"}],"wp:attachment":[{"href":"https:\/\/www.filcacisl.it\/sindacato\/wp-json\/wp\/v2\/media?parent=14940"}],"wp:term":[{"taxonomy":"category","embeddable":true,"href":"https:\/\/www.filcacisl.it\/sindacato\/wp-json\/wp\/v2\/categories?post=14940"},{"taxonomy":"post_tag","embeddable":true,"href":"https:\/\/www.filcacisl.it\/sindacato\/wp-json\/wp\/v2\/tags?post=14940"}],"curies":[{"name":"wp","href":"https:\/\/api.w.org\/{rel}","templated":true}]}}