{"id":14912,"date":"2012-04-24T15:34:43","date_gmt":"2012-04-24T13:34:43","guid":{"rendered":"http:\/\/www.filcacisl.it\/sindacato\/?p=14912"},"modified":"2012-04-24T15:34:43","modified_gmt":"2012-04-24T13:34:43","slug":"la-vertenza-intini-approda-in-parlamento","status":"publish","type":"post","link":"https:\/\/www.filcacisl.it\/sindacato\/la-vertenza-intini-approda-in-parlamento\/","title":{"rendered":"LA VERTENZA INTINI APPRODA IN PARLAMENTO"},"content":{"rendered":"<p>La vertenza Intini approda in parlamento. Il deputato del Pd, il bindiano Giovanni Burtone, in un&#8217;interrogazione a risposta orale indirizzata\u00a0al ministro delle Infrastrutture, Corrado Passera, ha chiesto di sapere &#8220;se e quali iniziative il ministro intenda attivare affinch\u00e9 si possa sbloccare in tempi rapidi il prosieguo della realizzazione del lotto La Martella-Matera della strada statale 655 Bradanica&#8221;. Secondo Burtone &#8220;l&#8217;Anas non pu\u00f2 rimanere ferma ad assistere al blocco di un&#8217;opera dell&#8217;importo di 50 milioni di euro strategica per le infrastrutture comprensoriali&#8221;. Per il segretario regionale della Filca Cisl, Franco Pantone, &#8220;\u00e8 positivo che anche la politica si attivi ad ogni livello affinch\u00e9 i lavori possano riprendere rapidamente scongiurando cos\u00ec il rischio di un progressivo accantonamento dell&#8217;opera e la perdita di ulteriori posti di lavoro. Mi auguro \u2013 conclude Pantone \u2013 che il tavolo convocato dal prefetto di Matera per il 4 maggio possa incamminare la vertenza verso un percorso di risoluzione con il contributo di tutti, a partire dal compartimento Anas&#8221;.<\/p>\n","protected":false},"excerpt":{"rendered":"<p>Il deputato del Pd Burtone, in un&#8217;interrogazione a risposta orale indirizzata al ministro delle Infrastrutture, Corrado Passera, ha chiesto di sapere &#8220;se e quali iniziative il ministro intenda attivare affinch\u00e9 si possa sbloccare in tempi rapidi il prosieguo della realizzazione del lotto La Martella-Matera della strada statale 655 Bradanica&#8221;. <\/p>\n","protected":false},"author":11,"featured_media":0,"comment_status":"open","ping_status":"open","sticky":false,"template":"","format":"standard","meta":{"cybocfi_hide_featured_image":"","footnotes":""},"categories":[23],"tags":[],"class_list":["post-14912","post","type-post","status-publish","format-standard","hentry","category-filca-dal-territorio"],"yoast_head":"<!-- This site is optimized with the Yoast SEO plugin v28.4 - https:\/\/yoast.com\/product\/yoast-seo-wordpress\/ -->\n<title>LA VERTENZA INTINI APPRODA IN PARLAMENTO - Filca CISL<\/title>\n<meta name=\"robots\" content=\"index, follow, max-snippet:-1, max-image-preview:large, max-video-preview:-1\" \/>\n<link rel=\"canonical\" href=\"https:\/\/www.filcacisl.it\/sindacato\/la-vertenza-intini-approda-in-parlamento\/\" \/>\n<meta property=\"og:locale\" content=\"it_IT\" \/>\n<meta property=\"og:type\" content=\"article\" \/>\n<meta property=\"og:title\" content=\"LA VERTENZA INTINI APPRODA IN PARLAMENTO - Filca CISL\" \/>\n<meta property=\"og:description\" content=\"Il deputato del Pd Burtone, in un&#039;interrogazione a risposta orale indirizzata al ministro delle Infrastrutture, Corrado Passera, ha chiesto di sapere &quot;se e quali iniziative il ministro intenda attivare affinch\u00e9 si possa sbloccare in tempi rapidi il prosieguo della realizzazione del lotto La Martella-Matera della strada statale 655 Bradanica&quot;.\" \/>\n<meta property=\"og:url\" content=\"https:\/\/www.filcacisl.it\/sindacato\/la-vertenza-intini-approda-in-parlamento\/\" \/>\n<meta property=\"og:site_name\" content=\"Filca CISL\" \/>\n<meta property=\"article:publisher\" content=\"https:\/\/www.facebook.com\/Filca-Cisl-nazionale-308470056393070\/\" \/>\n<meta property=\"article:published_time\" content=\"2012-04-24T13:34:43+00:00\" \/>\n<meta name=\"author\" content=\"Vanni Petrelli\" \/>\n<meta name=\"twitter:card\" content=\"summary_large_image\" \/>\n<meta name=\"twitter:creator\" content=\"@strategie3srls@gmail.com\" \/>\n<meta name=\"twitter:site\" content=\"@filcacisl\" \/>\n<meta name=\"twitter:label1\" content=\"Scritto da\" \/>\n\t<meta name=\"twitter:data1\" content=\"Vanni Petrelli\" \/>\n\t<meta name=\"twitter:label2\" content=\"Tempo di lettura stimato\" \/>\n\t<meta name=\"twitter:data2\" content=\"1 minuto\" \/>\n<script type=\"application\/ld+json\" class=\"yoast-schema-graph\">{\"@context\":\"https:\\\/\\\/schema.org\",\"@graph\":[{\"@type\":\"Article\",\"@id\":\"https:\\\/\\\/www.filcacisl.it\\\/sindacato\\\/la-vertenza-intini-approda-in-parlamento\\\/#article\",\"isPartOf\":{\"@id\":\"https:\\\/\\\/www.filcacisl.it\\\/sindacato\\\/la-vertenza-intini-approda-in-parlamento\\\/\"},\"author\":{\"name\":\"Vanni Petrelli\",\"@id\":\"https:\\\/\\\/www.filcacisl.it\\\/sindacato\\\/#\\\/schema\\\/person\\\/e71a39dcbb4e2d46dd1f4ea8c68e6369\"},\"headline\":\"LA VERTENZA INTINI APPRODA IN PARLAMENTO\",\"datePublished\":\"2012-04-24T13:34:43+00:00\",\"mainEntityOfPage\":{\"@id\":\"https:\\\/\\\/www.filcacisl.it\\\/sindacato\\\/la-vertenza-intini-approda-in-parlamento\\\/\"},\"wordCount\":167,\"commentCount\":0,\"publisher\":{\"@id\":\"https:\\\/\\\/www.filcacisl.it\\\/sindacato\\\/#organization\"},\"articleSection\":[\"Filca - Dal territorio\"],\"inLanguage\":\"it-IT\",\"potentialAction\":[{\"@type\":\"CommentAction\",\"name\":\"Comment\",\"target\":[\"https:\\\/\\\/www.filcacisl.it\\\/sindacato\\\/la-vertenza-intini-approda-in-parlamento\\\/#respond\"]}]},{\"@type\":\"WebPage\",\"@id\":\"https:\\\/\\\/www.filcacisl.it\\\/sindacato\\\/la-vertenza-intini-approda-in-parlamento\\\/\",\"url\":\"https:\\\/\\\/www.filcacisl.it\\\/sindacato\\\/la-vertenza-intini-approda-in-parlamento\\\/\",\"name\":\"LA VERTENZA INTINI APPRODA IN PARLAMENTO - Filca CISL\",\"isPartOf\":{\"@id\":\"https:\\\/\\\/www.filcacisl.it\\\/sindacato\\\/#website\"},\"datePublished\":\"2012-04-24T13:34:43+00:00\",\"breadcrumb\":{\"@id\":\"https:\\\/\\\/www.filcacisl.it\\\/sindacato\\\/la-vertenza-intini-approda-in-parlamento\\\/#breadcrumb\"},\"inLanguage\":\"it-IT\",\"potentialAction\":[{\"@type\":\"ReadAction\",\"target\":[\"https:\\\/\\\/www.filcacisl.it\\\/sindacato\\\/la-vertenza-intini-approda-in-parlamento\\\/\"]}]},{\"@type\":\"BreadcrumbList\",\"@id\":\"https:\\\/\\\/www.filcacisl.it\\\/sindacato\\\/la-vertenza-intini-approda-in-parlamento\\\/#breadcrumb\",\"itemListElement\":[{\"@type\":\"ListItem\",\"position\":1,\"name\":\"Home\",\"item\":\"https:\\\/\\\/www.filcacisl.it\\\/sindacato\\\/\"},{\"@type\":\"ListItem\",\"position\":2,\"name\":\"LA VERTENZA INTINI APPRODA IN PARLAMENTO\"}]},{\"@type\":\"WebSite\",\"@id\":\"https:\\\/\\\/www.filcacisl.it\\\/sindacato\\\/#website\",\"url\":\"https:\\\/\\\/www.filcacisl.it\\\/sindacato\\\/\",\"name\":\"Filca CISL\",\"description\":\"Federazione Italiana Lavoratori Costruzioni e Affini\",\"publisher\":{\"@id\":\"https:\\\/\\\/www.filcacisl.it\\\/sindacato\\\/#organization\"},\"potentialAction\":[{\"@type\":\"SearchAction\",\"target\":{\"@type\":\"EntryPoint\",\"urlTemplate\":\"https:\\\/\\\/www.filcacisl.it\\\/sindacato\\\/?s={search_term_string}\"},\"query-input\":{\"@type\":\"PropertyValueSpecification\",\"valueRequired\":true,\"valueName\":\"search_term_string\"}}],\"inLanguage\":\"it-IT\"},{\"@type\":\"Organization\",\"@id\":\"https:\\\/\\\/www.filcacisl.it\\\/sindacato\\\/#organization\",\"name\":\"FILCA CISL\",\"url\":\"https:\\\/\\\/www.filcacisl.it\\\/sindacato\\\/\",\"logo\":{\"@type\":\"ImageObject\",\"inLanguage\":\"it-IT\",\"@id\":\"https:\\\/\\\/www.filcacisl.it\\\/sindacato\\\/#\\\/schema\\\/logo\\\/image\\\/\",\"url\":\"https:\\\/\\\/www.filcacisl.it\\\/sindacato\\\/wp-content\\\/uploads\\\/2022\\\/01\\\/cropped-logo-filca-new.jpg\",\"contentUrl\":\"https:\\\/\\\/www.filcacisl.it\\\/sindacato\\\/wp-content\\\/uploads\\\/2022\\\/01\\\/cropped-logo-filca-new.jpg\",\"width\":2048,\"height\":586,\"caption\":\"FILCA CISL\"},\"image\":{\"@id\":\"https:\\\/\\\/www.filcacisl.it\\\/sindacato\\\/#\\\/schema\\\/logo\\\/image\\\/\"},\"sameAs\":[\"https:\\\/\\\/www.facebook.com\\\/Filca-Cisl-nazionale-308470056393070\\\/\",\"https:\\\/\\\/x.com\\\/filcacisl\"]},{\"@type\":\"Person\",\"@id\":\"https:\\\/\\\/www.filcacisl.it\\\/sindacato\\\/#\\\/schema\\\/person\\\/e71a39dcbb4e2d46dd1f4ea8c68e6369\",\"name\":\"Vanni Petrelli\",\"image\":{\"@type\":\"ImageObject\",\"inLanguage\":\"it-IT\",\"@id\":\"https:\\\/\\\/secure.gravatar.com\\\/avatar\\\/babadadf206e9691570a5abffb95bee052ff5c84adf1e10895877bc756a453cc?s=96&d=mm&r=g\",\"url\":\"https:\\\/\\\/secure.gravatar.com\\\/avatar\\\/babadadf206e9691570a5abffb95bee052ff5c84adf1e10895877bc756a453cc?s=96&d=mm&r=g\",\"contentUrl\":\"https:\\\/\\\/secure.gravatar.com\\\/avatar\\\/babadadf206e9691570a5abffb95bee052ff5c84adf1e10895877bc756a453cc?s=96&d=mm&r=g\",\"caption\":\"Vanni Petrelli\"},\"sameAs\":[\"https:\\\/\\\/x.com\\\/strategie3srls@gmail.com\"],\"url\":\"https:\\\/\\\/www.filcacisl.it\\\/sindacato\\\/author\\\/redazione\\\/\"}]}<\/script>\n<!-- \/ Yoast SEO plugin. -->","yoast_head_json":{"title":"LA VERTENZA INTINI APPRODA IN PARLAMENTO - Filca CISL","robots":{"index":"index","follow":"follow","max-snippet":"max-snippet:-1","max-image-preview":"max-image-preview:large","max-video-preview":"max-video-preview:-1"},"canonical":"https:\/\/www.filcacisl.it\/sindacato\/la-vertenza-intini-approda-in-parlamento\/","og_locale":"it_IT","og_type":"article","og_title":"LA VERTENZA INTINI APPRODA IN PARLAMENTO - Filca CISL","og_description":"Il deputato del Pd Burtone, in un'interrogazione a risposta orale indirizzata al ministro delle Infrastrutture, Corrado Passera, ha chiesto di sapere \"se e quali iniziative il ministro intenda attivare affinch\u00e9 si possa sbloccare in tempi rapidi il prosieguo della realizzazione del lotto La Martella-Matera della strada statale 655 Bradanica\".","og_url":"https:\/\/www.filcacisl.it\/sindacato\/la-vertenza-intini-approda-in-parlamento\/","og_site_name":"Filca CISL","article_publisher":"https:\/\/www.facebook.com\/Filca-Cisl-nazionale-308470056393070\/","article_published_time":"2012-04-24T13:34:43+00:00","author":"Vanni Petrelli","twitter_card":"summary_large_image","twitter_creator":"@strategie3srls@gmail.com","twitter_site":"@filcacisl","twitter_misc":{"Scritto da":"Vanni Petrelli","Tempo di lettura stimato":"1 minuto"},"schema":{"@context":"https:\/\/schema.org","@graph":[{"@type":"Article","@id":"https:\/\/www.filcacisl.it\/sindacato\/la-vertenza-intini-approda-in-parlamento\/#article","isPartOf":{"@id":"https:\/\/www.filcacisl.it\/sindacato\/la-vertenza-intini-approda-in-parlamento\/"},"author":{"name":"Vanni Petrelli","@id":"https:\/\/www.filcacisl.it\/sindacato\/#\/schema\/person\/e71a39dcbb4e2d46dd1f4ea8c68e6369"},"headline":"LA VERTENZA INTINI APPRODA IN PARLAMENTO","datePublished":"2012-04-24T13:34:43+00:00","mainEntityOfPage":{"@id":"https:\/\/www.filcacisl.it\/sindacato\/la-vertenza-intini-approda-in-parlamento\/"},"wordCount":167,"commentCount":0,"publisher":{"@id":"https:\/\/www.filcacisl.it\/sindacato\/#organization"},"articleSection":["Filca - Dal territorio"],"inLanguage":"it-IT","potentialAction":[{"@type":"CommentAction","name":"Comment","target":["https:\/\/www.filcacisl.it\/sindacato\/la-vertenza-intini-approda-in-parlamento\/#respond"]}]},{"@type":"WebPage","@id":"https:\/\/www.filcacisl.it\/sindacato\/la-vertenza-intini-approda-in-parlamento\/","url":"https:\/\/www.filcacisl.it\/sindacato\/la-vertenza-intini-approda-in-parlamento\/","name":"LA VERTENZA INTINI APPRODA IN PARLAMENTO - Filca CISL","isPartOf":{"@id":"https:\/\/www.filcacisl.it\/sindacato\/#website"},"datePublished":"2012-04-24T13:34:43+00:00","breadcrumb":{"@id":"https:\/\/www.filcacisl.it\/sindacato\/la-vertenza-intini-approda-in-parlamento\/#breadcrumb"},"inLanguage":"it-IT","potentialAction":[{"@type":"ReadAction","target":["https:\/\/www.filcacisl.it\/sindacato\/la-vertenza-intini-approda-in-parlamento\/"]}]},{"@type":"BreadcrumbList","@id":"https:\/\/www.filcacisl.it\/sindacato\/la-vertenza-intini-approda-in-parlamento\/#breadcrumb","itemListElement":[{"@type":"ListItem","position":1,"name":"Home","item":"https:\/\/www.filcacisl.it\/sindacato\/"},{"@type":"ListItem","position":2,"name":"LA VERTENZA INTINI APPRODA IN PARLAMENTO"}]},{"@type":"WebSite","@id":"https:\/\/www.filcacisl.it\/sindacato\/#website","url":"https:\/\/www.filcacisl.it\/sindacato\/","name":"Filca CISL","description":"Federazione Italiana Lavoratori Costruzioni e Affini","publisher":{"@id":"https:\/\/www.filcacisl.it\/sindacato\/#organization"},"potentialAction":[{"@type":"SearchAction","target":{"@type":"EntryPoint","urlTemplate":"https:\/\/www.filcacisl.it\/sindacato\/?s={search_term_string}"},"query-input":{"@type":"PropertyValueSpecification","valueRequired":true,"valueName":"search_term_string"}}],"inLanguage":"it-IT"},{"@type":"Organization","@id":"https:\/\/www.filcacisl.it\/sindacato\/#organization","name":"FILCA CISL","url":"https:\/\/www.filcacisl.it\/sindacato\/","logo":{"@type":"ImageObject","inLanguage":"it-IT","@id":"https:\/\/www.filcacisl.it\/sindacato\/#\/schema\/logo\/image\/","url":"https:\/\/www.filcacisl.it\/sindacato\/wp-content\/uploads\/2022\/01\/cropped-logo-filca-new.jpg","contentUrl":"https:\/\/www.filcacisl.it\/sindacato\/wp-content\/uploads\/2022\/01\/cropped-logo-filca-new.jpg","width":2048,"height":586,"caption":"FILCA CISL"},"image":{"@id":"https:\/\/www.filcacisl.it\/sindacato\/#\/schema\/logo\/image\/"},"sameAs":["https:\/\/www.facebook.com\/Filca-Cisl-nazionale-308470056393070\/","https:\/\/x.com\/filcacisl"]},{"@type":"Person","@id":"https:\/\/www.filcacisl.it\/sindacato\/#\/schema\/person\/e71a39dcbb4e2d46dd1f4ea8c68e6369","name":"Vanni Petrelli","image":{"@type":"ImageObject","inLanguage":"it-IT","@id":"https:\/\/secure.gravatar.com\/avatar\/babadadf206e9691570a5abffb95bee052ff5c84adf1e10895877bc756a453cc?s=96&d=mm&r=g","url":"https:\/\/secure.gravatar.com\/avatar\/babadadf206e9691570a5abffb95bee052ff5c84adf1e10895877bc756a453cc?s=96&d=mm&r=g","contentUrl":"https:\/\/secure.gravatar.com\/avatar\/babadadf206e9691570a5abffb95bee052ff5c84adf1e10895877bc756a453cc?s=96&d=mm&r=g","caption":"Vanni Petrelli"},"sameAs":["https:\/\/x.com\/strategie3srls@gmail.com"],"url":"https:\/\/www.filcacisl.it\/sindacato\/author\/redazione\/"}]}},"_links":{"self":[{"href":"https:\/\/www.filcacisl.it\/sindacato\/wp-json\/wp\/v2\/posts\/14912","targetHints":{"allow":["GET"]}}],"collection":[{"href":"https:\/\/www.filcacisl.it\/sindacato\/wp-json\/wp\/v2\/posts"}],"about":[{"href":"https:\/\/www.filcacisl.it\/sindacato\/wp-json\/wp\/v2\/types\/post"}],"author":[{"embeddable":true,"href":"https:\/\/www.filcacisl.it\/sindacato\/wp-json\/wp\/v2\/users\/11"}],"replies":[{"embeddable":true,"href":"https:\/\/www.filcacisl.it\/sindacato\/wp-json\/wp\/v2\/comments?post=14912"}],"version-history":[{"count":0,"href":"https:\/\/www.filcacisl.it\/sindacato\/wp-json\/wp\/v2\/posts\/14912\/revisions"}],"wp:attachment":[{"href":"https:\/\/www.filcacisl.it\/sindacato\/wp-json\/wp\/v2\/media?parent=14912"}],"wp:term":[{"taxonomy":"category","embeddable":true,"href":"https:\/\/www.filcacisl.it\/sindacato\/wp-json\/wp\/v2\/categories?post=14912"},{"taxonomy":"post_tag","embeddable":true,"href":"https:\/\/www.filcacisl.it\/sindacato\/wp-json\/wp\/v2\/tags?post=14912"}],"curies":[{"name":"wp","href":"https:\/\/api.w.org\/{rel}","templated":true}]}}