{"id":14882,"date":"2012-04-20T09:28:59","date_gmt":"2012-04-20T07:28:59","guid":{"rendered":"http:\/\/www.filcacisl.it\/sindacato\/?p=14882"},"modified":"2012-04-20T09:28:59","modified_gmt":"2012-04-20T07:28:59","slug":"firenze-per-ledilizia-e-emergenza-vera","status":"publish","type":"post","link":"https:\/\/www.filcacisl.it\/sindacato\/firenze-per-ledilizia-e-emergenza-vera\/","title":{"rendered":"FIRENZE, PER L&#8217;EDILIZIA \u00c8 EMERGENZA VERA"},"content":{"rendered":"<p>Di seguito una nota di Ottavio De Luca, segretario generale della Filca-Cisl di Firenze.<br \/>\nLa crisi del settore dell\u2019edilizia in provincia di Firenze, ma anche in tutta la nostra regione, sta andando oltre l\u2019emergenza: senza un concreto intervento da parte delle nostre istituzioni locali rischia di vivere i drammi che nel nord-est stanno vivendo le imprese e gli imprenditori, con una catena impressionante di suicidi, alla quale si \u00e8 giunti anche perch\u00e9 nonostante i sacrifici di fare impresa, creare lavoro e occupazione, non si \u00e8 stati tutelati e supportati da chi ci governa.<br \/>\nE\u2019 giunta l\u2019ora di assumersi le proprie responsabilit\u00e0. Basta criticare il governo centrale che non interviene su politiche per lo sviluppo; su Firenze e a livello regionale dobbiamo dire che avviene lo stesso scegliendo di non intervenire. I tempi dei pagamenti della pubblica amministrazione continuano a dilatarsi e questo ormai cronico ritardo sottrae liquidit\u00e0 alle imprese di costruzioni che le pone di fronte ad una crisi finanziaria in grado di minacciarne la stessa sopravvivenza.<br \/>\nIl patto di stabilit\u00e0 interno non pu\u00f2 essere annullato ma quanto meno potrebbe essere allentato, per ridurre i tempi di pagamento alle imprese, e su questo chiediamo a livello regionale di intervenire con rapidit\u00e0 ed efficacia con un accordo che possa riguardare tutti i comuni della nostra regione.<br \/>\nPotrebbe inoltre essere utile, ad esempio, consentire alle imprese di compensare i propri crediti certi ed esigibili con le imposte e i contributi dovuti (vedi Irap) cos\u00ec da dare respiro alle imprese in forte difficolt\u00e0 che altrimenti cesserebbero l\u2019attivit\u00e0.<br \/>\nNel pacchetto economia che la Regione sta predisponendo, oltre all\u2019accordo per agevolare l\u2019accesso al credito e ridurre la stretta creditizia, perch\u00e9 non prevedere, da parte di Regione e conseguentemente dai Comuni, una vera azione di riqualificazione urbana, con al centro l\u2019abitare sostenibile con incentivi e sgravi fiscali, coinvolgendo anche l\u2019imprenditoria privata? E\u2019 necessario recuperare il patrimonio urbano ormai obsoleto e favorire uno sviluppo eco-sostenibile dell\u2019edilizia scolastica dove le imprese possano finanziare le opere per mettere in sicurezza le scuole.<br \/>\nNon vogliamo una cementificazione ma l\u2019avvio di una vera economia verde di recupero e di rispetto per l\u2019ambiente e per il territorio della nostra citt\u00e0. Quindi progetti come quelli del Comune di Firenze sulla Variante Mercafir e sul Progetto della Fortezza da Basso vanno nella direzione giusta, ma oltre la progettualit\u00e0, la nostra amministrazione comunale dovrebbe sostenere l\u2019utilizzo di capitali privati con la finanza di progetto per fare opere di interesse pubblico.<br \/>\nBasta annunci di cantieri in tempi certi quando poi ci si blocca ancor prima di partire per ritardi nei finanziamenti o poco capacit\u00e0 di intervento nello sbloccarli. E mi riferisco ovviamente anche ai forti ritardi dei cantieri della linea 2 e 3 della tramvia che ancora non decollano e a cui \u00e8 legato il futuro di molte aziende edili fiorentine e dell\u2019indotto collegato.<br \/>\nE riflettendo sul mercato immobiliare che non riparte, perch\u00e9 allora non intervenire attraverso un accordo tra Regione e Comuni scegliendo di non aumentare ulteriormente la percentuale dell\u2019aliquota base dell\u2019Imu dando cos\u00ec respiro alle famiglie e anche alle imprese sul cui immobile gi\u00e0 invenduto incider\u00e0 sicuramente anche la nuova tassa?<br \/>\nChiediamo risposte e decisioni per il rilancio del settore dell\u2019edilizia, interventi a livello locale pi\u00f9 incisivi e costruttivi sia da parte del sindaco e dell\u2019amministrazione comunale fiorentina sia da parte del governatore della Regione Toscana. Ora le decisioni vere non sono pi\u00f9 rinviabili per quei lavoratori e aziende (le poche rimaste!) che rischiano di scomparire ed essere solo \u201cvittime della crisi\u201d.<\/p>\n","protected":false},"excerpt":{"rendered":"<p>Per De Luca, segretario generale della Filca provinciale, &#8220;la situazione \u00e8 talmente difficile che non ammette altri alibi e rinvii: bisogna che anche le istituzioni locali facciano la loro parte&#8221;<\/p>\n","protected":false},"author":11,"featured_media":0,"comment_status":"open","ping_status":"open","sticky":false,"template":"","format":"standard","meta":{"cybocfi_hide_featured_image":"","footnotes":""},"categories":[23],"tags":[],"class_list":["post-14882","post","type-post","status-publish","format-standard","hentry","category-filca-dal-territorio"],"yoast_head":"<!-- This site is optimized with the Yoast SEO plugin v28.4 - https:\/\/yoast.com\/product\/yoast-seo-wordpress\/ -->\n<title>FIRENZE, PER L&#039;EDILIZIA \u00c8 EMERGENZA VERA - Filca CISL<\/title>\n<meta name=\"robots\" content=\"index, follow, max-snippet:-1, max-image-preview:large, max-video-preview:-1\" \/>\n<link rel=\"canonical\" href=\"https:\/\/www.filcacisl.it\/sindacato\/firenze-per-ledilizia-e-emergenza-vera\/\" \/>\n<meta property=\"og:locale\" content=\"it_IT\" \/>\n<meta property=\"og:type\" content=\"article\" \/>\n<meta property=\"og:title\" content=\"FIRENZE, PER L&#039;EDILIZIA \u00c8 EMERGENZA VERA - Filca CISL\" \/>\n<meta property=\"og:description\" content=\"Per De Luca, segretario generale della Filca provinciale, &quot;la situazione \u00e8 talmente difficile che non ammette altri alibi e rinvii: bisogna che anche le istituzioni locali facciano la loro parte&quot;\" \/>\n<meta property=\"og:url\" content=\"https:\/\/www.filcacisl.it\/sindacato\/firenze-per-ledilizia-e-emergenza-vera\/\" \/>\n<meta property=\"og:site_name\" content=\"Filca CISL\" \/>\n<meta property=\"article:publisher\" content=\"https:\/\/www.facebook.com\/Filca-Cisl-nazionale-308470056393070\/\" \/>\n<meta property=\"article:published_time\" content=\"2012-04-20T07:28:59+00:00\" \/>\n<meta name=\"author\" content=\"Vanni Petrelli\" \/>\n<meta name=\"twitter:card\" content=\"summary_large_image\" \/>\n<meta name=\"twitter:creator\" content=\"@strategie3srls@gmail.com\" \/>\n<meta name=\"twitter:site\" content=\"@filcacisl\" \/>\n<meta name=\"twitter:label1\" content=\"Scritto da\" \/>\n\t<meta name=\"twitter:data1\" content=\"Vanni Petrelli\" \/>\n\t<meta name=\"twitter:label2\" content=\"Tempo di lettura stimato\" \/>\n\t<meta name=\"twitter:data2\" content=\"3 minuti\" \/>\n<script type=\"application\/ld+json\" class=\"yoast-schema-graph\">{\"@context\":\"https:\\\/\\\/schema.org\",\"@graph\":[{\"@type\":\"Article\",\"@id\":\"https:\\\/\\\/www.filcacisl.it\\\/sindacato\\\/firenze-per-ledilizia-e-emergenza-vera\\\/#article\",\"isPartOf\":{\"@id\":\"https:\\\/\\\/www.filcacisl.it\\\/sindacato\\\/firenze-per-ledilizia-e-emergenza-vera\\\/\"},\"author\":{\"name\":\"Vanni Petrelli\",\"@id\":\"https:\\\/\\\/www.filcacisl.it\\\/sindacato\\\/#\\\/schema\\\/person\\\/e71a39dcbb4e2d46dd1f4ea8c68e6369\"},\"headline\":\"FIRENZE, PER L&#8217;EDILIZIA \u00c8 EMERGENZA VERA\",\"datePublished\":\"2012-04-20T07:28:59+00:00\",\"mainEntityOfPage\":{\"@id\":\"https:\\\/\\\/www.filcacisl.it\\\/sindacato\\\/firenze-per-ledilizia-e-emergenza-vera\\\/\"},\"wordCount\":596,\"commentCount\":0,\"publisher\":{\"@id\":\"https:\\\/\\\/www.filcacisl.it\\\/sindacato\\\/#organization\"},\"articleSection\":[\"Filca - Dal territorio\"],\"inLanguage\":\"it-IT\",\"potentialAction\":[{\"@type\":\"CommentAction\",\"name\":\"Comment\",\"target\":[\"https:\\\/\\\/www.filcacisl.it\\\/sindacato\\\/firenze-per-ledilizia-e-emergenza-vera\\\/#respond\"]}]},{\"@type\":\"WebPage\",\"@id\":\"https:\\\/\\\/www.filcacisl.it\\\/sindacato\\\/firenze-per-ledilizia-e-emergenza-vera\\\/\",\"url\":\"https:\\\/\\\/www.filcacisl.it\\\/sindacato\\\/firenze-per-ledilizia-e-emergenza-vera\\\/\",\"name\":\"FIRENZE, PER L'EDILIZIA \u00c8 EMERGENZA VERA - Filca CISL\",\"isPartOf\":{\"@id\":\"https:\\\/\\\/www.filcacisl.it\\\/sindacato\\\/#website\"},\"datePublished\":\"2012-04-20T07:28:59+00:00\",\"breadcrumb\":{\"@id\":\"https:\\\/\\\/www.filcacisl.it\\\/sindacato\\\/firenze-per-ledilizia-e-emergenza-vera\\\/#breadcrumb\"},\"inLanguage\":\"it-IT\",\"potentialAction\":[{\"@type\":\"ReadAction\",\"target\":[\"https:\\\/\\\/www.filcacisl.it\\\/sindacato\\\/firenze-per-ledilizia-e-emergenza-vera\\\/\"]}]},{\"@type\":\"BreadcrumbList\",\"@id\":\"https:\\\/\\\/www.filcacisl.it\\\/sindacato\\\/firenze-per-ledilizia-e-emergenza-vera\\\/#breadcrumb\",\"itemListElement\":[{\"@type\":\"ListItem\",\"position\":1,\"name\":\"Home\",\"item\":\"https:\\\/\\\/www.filcacisl.it\\\/sindacato\\\/\"},{\"@type\":\"ListItem\",\"position\":2,\"name\":\"FIRENZE, PER L&#8217;EDILIZIA \u00c8 EMERGENZA VERA\"}]},{\"@type\":\"WebSite\",\"@id\":\"https:\\\/\\\/www.filcacisl.it\\\/sindacato\\\/#website\",\"url\":\"https:\\\/\\\/www.filcacisl.it\\\/sindacato\\\/\",\"name\":\"Filca CISL\",\"description\":\"Federazione Italiana Lavoratori Costruzioni e Affini\",\"publisher\":{\"@id\":\"https:\\\/\\\/www.filcacisl.it\\\/sindacato\\\/#organization\"},\"potentialAction\":[{\"@type\":\"SearchAction\",\"target\":{\"@type\":\"EntryPoint\",\"urlTemplate\":\"https:\\\/\\\/www.filcacisl.it\\\/sindacato\\\/?s={search_term_string}\"},\"query-input\":{\"@type\":\"PropertyValueSpecification\",\"valueRequired\":true,\"valueName\":\"search_term_string\"}}],\"inLanguage\":\"it-IT\"},{\"@type\":\"Organization\",\"@id\":\"https:\\\/\\\/www.filcacisl.it\\\/sindacato\\\/#organization\",\"name\":\"FILCA CISL\",\"url\":\"https:\\\/\\\/www.filcacisl.it\\\/sindacato\\\/\",\"logo\":{\"@type\":\"ImageObject\",\"inLanguage\":\"it-IT\",\"@id\":\"https:\\\/\\\/www.filcacisl.it\\\/sindacato\\\/#\\\/schema\\\/logo\\\/image\\\/\",\"url\":\"https:\\\/\\\/www.filcacisl.it\\\/sindacato\\\/wp-content\\\/uploads\\\/2022\\\/01\\\/cropped-logo-filca-new.jpg\",\"contentUrl\":\"https:\\\/\\\/www.filcacisl.it\\\/sindacato\\\/wp-content\\\/uploads\\\/2022\\\/01\\\/cropped-logo-filca-new.jpg\",\"width\":2048,\"height\":586,\"caption\":\"FILCA CISL\"},\"image\":{\"@id\":\"https:\\\/\\\/www.filcacisl.it\\\/sindacato\\\/#\\\/schema\\\/logo\\\/image\\\/\"},\"sameAs\":[\"https:\\\/\\\/www.facebook.com\\\/Filca-Cisl-nazionale-308470056393070\\\/\",\"https:\\\/\\\/x.com\\\/filcacisl\"]},{\"@type\":\"Person\",\"@id\":\"https:\\\/\\\/www.filcacisl.it\\\/sindacato\\\/#\\\/schema\\\/person\\\/e71a39dcbb4e2d46dd1f4ea8c68e6369\",\"name\":\"Vanni Petrelli\",\"image\":{\"@type\":\"ImageObject\",\"inLanguage\":\"it-IT\",\"@id\":\"https:\\\/\\\/secure.gravatar.com\\\/avatar\\\/babadadf206e9691570a5abffb95bee052ff5c84adf1e10895877bc756a453cc?s=96&d=mm&r=g\",\"url\":\"https:\\\/\\\/secure.gravatar.com\\\/avatar\\\/babadadf206e9691570a5abffb95bee052ff5c84adf1e10895877bc756a453cc?s=96&d=mm&r=g\",\"contentUrl\":\"https:\\\/\\\/secure.gravatar.com\\\/avatar\\\/babadadf206e9691570a5abffb95bee052ff5c84adf1e10895877bc756a453cc?s=96&d=mm&r=g\",\"caption\":\"Vanni Petrelli\"},\"sameAs\":[\"https:\\\/\\\/x.com\\\/strategie3srls@gmail.com\"],\"url\":\"https:\\\/\\\/www.filcacisl.it\\\/sindacato\\\/author\\\/redazione\\\/\"}]}<\/script>\n<!-- \/ Yoast SEO plugin. -->","yoast_head_json":{"title":"FIRENZE, PER L'EDILIZIA \u00c8 EMERGENZA VERA - Filca CISL","robots":{"index":"index","follow":"follow","max-snippet":"max-snippet:-1","max-image-preview":"max-image-preview:large","max-video-preview":"max-video-preview:-1"},"canonical":"https:\/\/www.filcacisl.it\/sindacato\/firenze-per-ledilizia-e-emergenza-vera\/","og_locale":"it_IT","og_type":"article","og_title":"FIRENZE, PER L'EDILIZIA \u00c8 EMERGENZA VERA - Filca CISL","og_description":"Per De Luca, segretario generale della Filca provinciale, \"la situazione \u00e8 talmente difficile che non ammette altri alibi e rinvii: bisogna che anche le istituzioni locali facciano la loro parte\"","og_url":"https:\/\/www.filcacisl.it\/sindacato\/firenze-per-ledilizia-e-emergenza-vera\/","og_site_name":"Filca CISL","article_publisher":"https:\/\/www.facebook.com\/Filca-Cisl-nazionale-308470056393070\/","article_published_time":"2012-04-20T07:28:59+00:00","author":"Vanni Petrelli","twitter_card":"summary_large_image","twitter_creator":"@strategie3srls@gmail.com","twitter_site":"@filcacisl","twitter_misc":{"Scritto da":"Vanni Petrelli","Tempo di lettura stimato":"3 minuti"},"schema":{"@context":"https:\/\/schema.org","@graph":[{"@type":"Article","@id":"https:\/\/www.filcacisl.it\/sindacato\/firenze-per-ledilizia-e-emergenza-vera\/#article","isPartOf":{"@id":"https:\/\/www.filcacisl.it\/sindacato\/firenze-per-ledilizia-e-emergenza-vera\/"},"author":{"name":"Vanni Petrelli","@id":"https:\/\/www.filcacisl.it\/sindacato\/#\/schema\/person\/e71a39dcbb4e2d46dd1f4ea8c68e6369"},"headline":"FIRENZE, PER L&#8217;EDILIZIA \u00c8 EMERGENZA VERA","datePublished":"2012-04-20T07:28:59+00:00","mainEntityOfPage":{"@id":"https:\/\/www.filcacisl.it\/sindacato\/firenze-per-ledilizia-e-emergenza-vera\/"},"wordCount":596,"commentCount":0,"publisher":{"@id":"https:\/\/www.filcacisl.it\/sindacato\/#organization"},"articleSection":["Filca - Dal territorio"],"inLanguage":"it-IT","potentialAction":[{"@type":"CommentAction","name":"Comment","target":["https:\/\/www.filcacisl.it\/sindacato\/firenze-per-ledilizia-e-emergenza-vera\/#respond"]}]},{"@type":"WebPage","@id":"https:\/\/www.filcacisl.it\/sindacato\/firenze-per-ledilizia-e-emergenza-vera\/","url":"https:\/\/www.filcacisl.it\/sindacato\/firenze-per-ledilizia-e-emergenza-vera\/","name":"FIRENZE, PER L'EDILIZIA \u00c8 EMERGENZA VERA - Filca CISL","isPartOf":{"@id":"https:\/\/www.filcacisl.it\/sindacato\/#website"},"datePublished":"2012-04-20T07:28:59+00:00","breadcrumb":{"@id":"https:\/\/www.filcacisl.it\/sindacato\/firenze-per-ledilizia-e-emergenza-vera\/#breadcrumb"},"inLanguage":"it-IT","potentialAction":[{"@type":"ReadAction","target":["https:\/\/www.filcacisl.it\/sindacato\/firenze-per-ledilizia-e-emergenza-vera\/"]}]},{"@type":"BreadcrumbList","@id":"https:\/\/www.filcacisl.it\/sindacato\/firenze-per-ledilizia-e-emergenza-vera\/#breadcrumb","itemListElement":[{"@type":"ListItem","position":1,"name":"Home","item":"https:\/\/www.filcacisl.it\/sindacato\/"},{"@type":"ListItem","position":2,"name":"FIRENZE, PER L&#8217;EDILIZIA \u00c8 EMERGENZA VERA"}]},{"@type":"WebSite","@id":"https:\/\/www.filcacisl.it\/sindacato\/#website","url":"https:\/\/www.filcacisl.it\/sindacato\/","name":"Filca CISL","description":"Federazione Italiana Lavoratori Costruzioni e Affini","publisher":{"@id":"https:\/\/www.filcacisl.it\/sindacato\/#organization"},"potentialAction":[{"@type":"SearchAction","target":{"@type":"EntryPoint","urlTemplate":"https:\/\/www.filcacisl.it\/sindacato\/?s={search_term_string}"},"query-input":{"@type":"PropertyValueSpecification","valueRequired":true,"valueName":"search_term_string"}}],"inLanguage":"it-IT"},{"@type":"Organization","@id":"https:\/\/www.filcacisl.it\/sindacato\/#organization","name":"FILCA CISL","url":"https:\/\/www.filcacisl.it\/sindacato\/","logo":{"@type":"ImageObject","inLanguage":"it-IT","@id":"https:\/\/www.filcacisl.it\/sindacato\/#\/schema\/logo\/image\/","url":"https:\/\/www.filcacisl.it\/sindacato\/wp-content\/uploads\/2022\/01\/cropped-logo-filca-new.jpg","contentUrl":"https:\/\/www.filcacisl.it\/sindacato\/wp-content\/uploads\/2022\/01\/cropped-logo-filca-new.jpg","width":2048,"height":586,"caption":"FILCA CISL"},"image":{"@id":"https:\/\/www.filcacisl.it\/sindacato\/#\/schema\/logo\/image\/"},"sameAs":["https:\/\/www.facebook.com\/Filca-Cisl-nazionale-308470056393070\/","https:\/\/x.com\/filcacisl"]},{"@type":"Person","@id":"https:\/\/www.filcacisl.it\/sindacato\/#\/schema\/person\/e71a39dcbb4e2d46dd1f4ea8c68e6369","name":"Vanni Petrelli","image":{"@type":"ImageObject","inLanguage":"it-IT","@id":"https:\/\/secure.gravatar.com\/avatar\/babadadf206e9691570a5abffb95bee052ff5c84adf1e10895877bc756a453cc?s=96&d=mm&r=g","url":"https:\/\/secure.gravatar.com\/avatar\/babadadf206e9691570a5abffb95bee052ff5c84adf1e10895877bc756a453cc?s=96&d=mm&r=g","contentUrl":"https:\/\/secure.gravatar.com\/avatar\/babadadf206e9691570a5abffb95bee052ff5c84adf1e10895877bc756a453cc?s=96&d=mm&r=g","caption":"Vanni Petrelli"},"sameAs":["https:\/\/x.com\/strategie3srls@gmail.com"],"url":"https:\/\/www.filcacisl.it\/sindacato\/author\/redazione\/"}]}},"_links":{"self":[{"href":"https:\/\/www.filcacisl.it\/sindacato\/wp-json\/wp\/v2\/posts\/14882","targetHints":{"allow":["GET"]}}],"collection":[{"href":"https:\/\/www.filcacisl.it\/sindacato\/wp-json\/wp\/v2\/posts"}],"about":[{"href":"https:\/\/www.filcacisl.it\/sindacato\/wp-json\/wp\/v2\/types\/post"}],"author":[{"embeddable":true,"href":"https:\/\/www.filcacisl.it\/sindacato\/wp-json\/wp\/v2\/users\/11"}],"replies":[{"embeddable":true,"href":"https:\/\/www.filcacisl.it\/sindacato\/wp-json\/wp\/v2\/comments?post=14882"}],"version-history":[{"count":0,"href":"https:\/\/www.filcacisl.it\/sindacato\/wp-json\/wp\/v2\/posts\/14882\/revisions"}],"wp:attachment":[{"href":"https:\/\/www.filcacisl.it\/sindacato\/wp-json\/wp\/v2\/media?parent=14882"}],"wp:term":[{"taxonomy":"category","embeddable":true,"href":"https:\/\/www.filcacisl.it\/sindacato\/wp-json\/wp\/v2\/categories?post=14882"},{"taxonomy":"post_tag","embeddable":true,"href":"https:\/\/www.filcacisl.it\/sindacato\/wp-json\/wp\/v2\/tags?post=14882"}],"curies":[{"name":"wp","href":"https:\/\/api.w.org\/{rel}","templated":true}]}}