{"id":14873,"date":"2012-04-19T11:52:05","date_gmt":"2012-04-19T09:52:05","guid":{"rendered":"http:\/\/www.filcacisl.it\/sindacato\/?p=14873"},"modified":"2012-04-19T11:52:05","modified_gmt":"2012-04-19T09:52:05","slug":"natuzzi-presidio-permanente-ai-cancelli-dello-stabilimento-di-laterza","status":"publish","type":"post","link":"https:\/\/www.filcacisl.it\/sindacato\/natuzzi-presidio-permanente-ai-cancelli-dello-stabilimento-di-laterza\/","title":{"rendered":"NATUZZI, PRESIDIO PERMANENTE AI CANCELLI DELLO STABILIMENTO DI LATERZA"},"content":{"rendered":"<p>&#8220;Continueremo a stare al fianco dei dipendenti dell&#8217;Azienda Natuzzi, in presidio permanente presso i cancelli dello stabilimento di Laterza, finch\u00e9 non verr\u00e0 il titolare stesso a dirci ufficialmente qual \u00e8 il suo piano industriale e per quali ragioni non sente il bisogno, sebbene da noi sollecitato, di sconfessare la notizia del possibile trasferimento della produzione da Laterza a Matera, in zona Martella&#8221;. Lo ha dichiarato <strong>Vito Lincesso<\/strong>, segretario generale della Filca-Cisl Taranto.<br \/>\n&#8220;Eppure &#8211; prosegue &#8211; nel comune tarantino, come tutti sanno, la produzione di complementi d&#8217;arredo della Natuzzi ha sempre determinato attivi economici aziendali grazie anche ai sacrifici, protrattisi nel tempo, dei circa 90 dipendenti. La notizia, finora, informale di una possibile convocazione per domani,\u00a0sar\u00e0 da noi riscontrata solo a condizione che vi partecipi anche il titolare dell&#8217;Azienda, Pasquale Natuzzi&#8221;.<\/p>\n","protected":false},"excerpt":{"rendered":"<p>I sindacati vogliono conoscere il piano industriale del Gruppo, anche alla luce delle indiscrezioni secondo le quali la produzione potrebbe essere spostata dal comune tarantino a Matera, in zona Martella<\/p>\n","protected":false},"author":11,"featured_media":18321,"comment_status":"open","ping_status":"open","sticky":false,"template":"","format":"standard","meta":{"cybocfi_hide_featured_image":"","footnotes":""},"categories":[23],"tags":[1164,173,1180,373],"class_list":["post-14873","post","type-post","status-publish","format-standard","has-post-thumbnail","hentry","category-filca-dal-territorio","tag-filca-cisl-taranto","tag-natuzzi","tag-pasquale-natuzzi","tag-vito-lincesso"],"yoast_head":"<!-- This site is optimized with the Yoast SEO plugin v28.4 - https:\/\/yoast.com\/product\/yoast-seo-wordpress\/ -->\n<title>NATUZZI, PRESIDIO PERMANENTE AI CANCELLI DELLO STABILIMENTO DI LATERZA - Filca CISL<\/title>\n<meta name=\"robots\" content=\"index, follow, max-snippet:-1, max-image-preview:large, max-video-preview:-1\" \/>\n<link rel=\"canonical\" href=\"https:\/\/www.filcacisl.it\/sindacato\/natuzzi-presidio-permanente-ai-cancelli-dello-stabilimento-di-laterza\/\" \/>\n<meta property=\"og:locale\" content=\"it_IT\" \/>\n<meta property=\"og:type\" content=\"article\" \/>\n<meta property=\"og:title\" content=\"NATUZZI, PRESIDIO PERMANENTE AI CANCELLI DELLO STABILIMENTO DI LATERZA - Filca CISL\" \/>\n<meta property=\"og:description\" content=\"I sindacati vogliono conoscere il piano industriale del Gruppo, anche alla luce delle indiscrezioni secondo le quali la produzione potrebbe essere spostata dal comune tarantino a Matera, in zona Martella\" \/>\n<meta property=\"og:url\" content=\"https:\/\/www.filcacisl.it\/sindacato\/natuzzi-presidio-permanente-ai-cancelli-dello-stabilimento-di-laterza\/\" \/>\n<meta property=\"og:site_name\" content=\"Filca CISL\" \/>\n<meta property=\"article:publisher\" content=\"https:\/\/www.facebook.com\/Filca-Cisl-nazionale-308470056393070\/\" \/>\n<meta property=\"article:published_time\" content=\"2012-04-19T09:52:05+00:00\" \/>\n<meta name=\"author\" content=\"Vanni Petrelli\" \/>\n<meta name=\"twitter:card\" content=\"summary_large_image\" \/>\n<meta name=\"twitter:creator\" content=\"@strategie3srls@gmail.com\" \/>\n<meta name=\"twitter:site\" content=\"@filcacisl\" \/>\n<meta name=\"twitter:label1\" content=\"Scritto da\" \/>\n\t<meta name=\"twitter:data1\" content=\"Vanni Petrelli\" \/>\n\t<meta name=\"twitter:label2\" content=\"Tempo di lettura stimato\" \/>\n\t<meta name=\"twitter:data2\" content=\"1 minuto\" \/>\n<script type=\"application\/ld+json\" class=\"yoast-schema-graph\">{\"@context\":\"https:\\\/\\\/schema.org\",\"@graph\":[{\"@type\":\"Article\",\"@id\":\"https:\\\/\\\/www.filcacisl.it\\\/sindacato\\\/natuzzi-presidio-permanente-ai-cancelli-dello-stabilimento-di-laterza\\\/#article\",\"isPartOf\":{\"@id\":\"https:\\\/\\\/www.filcacisl.it\\\/sindacato\\\/natuzzi-presidio-permanente-ai-cancelli-dello-stabilimento-di-laterza\\\/\"},\"author\":{\"name\":\"Vanni Petrelli\",\"@id\":\"https:\\\/\\\/www.filcacisl.it\\\/sindacato\\\/#\\\/schema\\\/person\\\/e71a39dcbb4e2d46dd1f4ea8c68e6369\"},\"headline\":\"NATUZZI, PRESIDIO PERMANENTE AI CANCELLI DELLO STABILIMENTO DI LATERZA\",\"datePublished\":\"2012-04-19T09:52:05+00:00\",\"mainEntityOfPage\":{\"@id\":\"https:\\\/\\\/www.filcacisl.it\\\/sindacato\\\/natuzzi-presidio-permanente-ai-cancelli-dello-stabilimento-di-laterza\\\/\"},\"wordCount\":142,\"commentCount\":0,\"publisher\":{\"@id\":\"https:\\\/\\\/www.filcacisl.it\\\/sindacato\\\/#organization\"},\"image\":{\"@id\":\"https:\\\/\\\/www.filcacisl.it\\\/sindacato\\\/natuzzi-presidio-permanente-ai-cancelli-dello-stabilimento-di-laterza\\\/#primaryimage\"},\"thumbnailUrl\":\"\",\"keywords\":[\"filca cisl taranto\",\"Natuzzi\",\"pasquale natuzzi\",\"VITO LINCESSO\"],\"articleSection\":[\"Filca - Dal territorio\"],\"inLanguage\":\"it-IT\",\"potentialAction\":[{\"@type\":\"CommentAction\",\"name\":\"Comment\",\"target\":[\"https:\\\/\\\/www.filcacisl.it\\\/sindacato\\\/natuzzi-presidio-permanente-ai-cancelli-dello-stabilimento-di-laterza\\\/#respond\"]}]},{\"@type\":\"WebPage\",\"@id\":\"https:\\\/\\\/www.filcacisl.it\\\/sindacato\\\/natuzzi-presidio-permanente-ai-cancelli-dello-stabilimento-di-laterza\\\/\",\"url\":\"https:\\\/\\\/www.filcacisl.it\\\/sindacato\\\/natuzzi-presidio-permanente-ai-cancelli-dello-stabilimento-di-laterza\\\/\",\"name\":\"NATUZZI, PRESIDIO PERMANENTE AI CANCELLI DELLO STABILIMENTO DI LATERZA - Filca CISL\",\"isPartOf\":{\"@id\":\"https:\\\/\\\/www.filcacisl.it\\\/sindacato\\\/#website\"},\"primaryImageOfPage\":{\"@id\":\"https:\\\/\\\/www.filcacisl.it\\\/sindacato\\\/natuzzi-presidio-permanente-ai-cancelli-dello-stabilimento-di-laterza\\\/#primaryimage\"},\"image\":{\"@id\":\"https:\\\/\\\/www.filcacisl.it\\\/sindacato\\\/natuzzi-presidio-permanente-ai-cancelli-dello-stabilimento-di-laterza\\\/#primaryimage\"},\"thumbnailUrl\":\"\",\"datePublished\":\"2012-04-19T09:52:05+00:00\",\"breadcrumb\":{\"@id\":\"https:\\\/\\\/www.filcacisl.it\\\/sindacato\\\/natuzzi-presidio-permanente-ai-cancelli-dello-stabilimento-di-laterza\\\/#breadcrumb\"},\"inLanguage\":\"it-IT\",\"potentialAction\":[{\"@type\":\"ReadAction\",\"target\":[\"https:\\\/\\\/www.filcacisl.it\\\/sindacato\\\/natuzzi-presidio-permanente-ai-cancelli-dello-stabilimento-di-laterza\\\/\"]}]},{\"@type\":\"ImageObject\",\"inLanguage\":\"it-IT\",\"@id\":\"https:\\\/\\\/www.filcacisl.it\\\/sindacato\\\/natuzzi-presidio-permanente-ai-cancelli-dello-stabilimento-di-laterza\\\/#primaryimage\",\"url\":\"\",\"contentUrl\":\"\"},{\"@type\":\"BreadcrumbList\",\"@id\":\"https:\\\/\\\/www.filcacisl.it\\\/sindacato\\\/natuzzi-presidio-permanente-ai-cancelli-dello-stabilimento-di-laterza\\\/#breadcrumb\",\"itemListElement\":[{\"@type\":\"ListItem\",\"position\":1,\"name\":\"Home\",\"item\":\"https:\\\/\\\/www.filcacisl.it\\\/sindacato\\\/\"},{\"@type\":\"ListItem\",\"position\":2,\"name\":\"NATUZZI, PRESIDIO PERMANENTE AI CANCELLI DELLO STABILIMENTO DI LATERZA\"}]},{\"@type\":\"WebSite\",\"@id\":\"https:\\\/\\\/www.filcacisl.it\\\/sindacato\\\/#website\",\"url\":\"https:\\\/\\\/www.filcacisl.it\\\/sindacato\\\/\",\"name\":\"Filca CISL\",\"description\":\"Federazione Italiana Lavoratori Costruzioni e Affini\",\"publisher\":{\"@id\":\"https:\\\/\\\/www.filcacisl.it\\\/sindacato\\\/#organization\"},\"potentialAction\":[{\"@type\":\"SearchAction\",\"target\":{\"@type\":\"EntryPoint\",\"urlTemplate\":\"https:\\\/\\\/www.filcacisl.it\\\/sindacato\\\/?s={search_term_string}\"},\"query-input\":{\"@type\":\"PropertyValueSpecification\",\"valueRequired\":true,\"valueName\":\"search_term_string\"}}],\"inLanguage\":\"it-IT\"},{\"@type\":\"Organization\",\"@id\":\"https:\\\/\\\/www.filcacisl.it\\\/sindacato\\\/#organization\",\"name\":\"FILCA CISL\",\"url\":\"https:\\\/\\\/www.filcacisl.it\\\/sindacato\\\/\",\"logo\":{\"@type\":\"ImageObject\",\"inLanguage\":\"it-IT\",\"@id\":\"https:\\\/\\\/www.filcacisl.it\\\/sindacato\\\/#\\\/schema\\\/logo\\\/image\\\/\",\"url\":\"https:\\\/\\\/www.filcacisl.it\\\/sindacato\\\/wp-content\\\/uploads\\\/2022\\\/01\\\/cropped-logo-filca-new.jpg\",\"contentUrl\":\"https:\\\/\\\/www.filcacisl.it\\\/sindacato\\\/wp-content\\\/uploads\\\/2022\\\/01\\\/cropped-logo-filca-new.jpg\",\"width\":2048,\"height\":586,\"caption\":\"FILCA CISL\"},\"image\":{\"@id\":\"https:\\\/\\\/www.filcacisl.it\\\/sindacato\\\/#\\\/schema\\\/logo\\\/image\\\/\"},\"sameAs\":[\"https:\\\/\\\/www.facebook.com\\\/Filca-Cisl-nazionale-308470056393070\\\/\",\"https:\\\/\\\/x.com\\\/filcacisl\"]},{\"@type\":\"Person\",\"@id\":\"https:\\\/\\\/www.filcacisl.it\\\/sindacato\\\/#\\\/schema\\\/person\\\/e71a39dcbb4e2d46dd1f4ea8c68e6369\",\"name\":\"Vanni Petrelli\",\"image\":{\"@type\":\"ImageObject\",\"inLanguage\":\"it-IT\",\"@id\":\"https:\\\/\\\/secure.gravatar.com\\\/avatar\\\/babadadf206e9691570a5abffb95bee052ff5c84adf1e10895877bc756a453cc?s=96&d=mm&r=g\",\"url\":\"https:\\\/\\\/secure.gravatar.com\\\/avatar\\\/babadadf206e9691570a5abffb95bee052ff5c84adf1e10895877bc756a453cc?s=96&d=mm&r=g\",\"contentUrl\":\"https:\\\/\\\/secure.gravatar.com\\\/avatar\\\/babadadf206e9691570a5abffb95bee052ff5c84adf1e10895877bc756a453cc?s=96&d=mm&r=g\",\"caption\":\"Vanni Petrelli\"},\"sameAs\":[\"https:\\\/\\\/x.com\\\/strategie3srls@gmail.com\"],\"url\":\"https:\\\/\\\/www.filcacisl.it\\\/sindacato\\\/author\\\/redazione\\\/\"}]}<\/script>\n<!-- \/ Yoast SEO plugin. -->","yoast_head_json":{"title":"NATUZZI, PRESIDIO PERMANENTE AI CANCELLI DELLO STABILIMENTO DI LATERZA - Filca CISL","robots":{"index":"index","follow":"follow","max-snippet":"max-snippet:-1","max-image-preview":"max-image-preview:large","max-video-preview":"max-video-preview:-1"},"canonical":"https:\/\/www.filcacisl.it\/sindacato\/natuzzi-presidio-permanente-ai-cancelli-dello-stabilimento-di-laterza\/","og_locale":"it_IT","og_type":"article","og_title":"NATUZZI, PRESIDIO PERMANENTE AI CANCELLI DELLO STABILIMENTO DI LATERZA - Filca CISL","og_description":"I sindacati vogliono conoscere il piano industriale del Gruppo, anche alla luce delle indiscrezioni secondo le quali la produzione potrebbe essere spostata dal comune tarantino a Matera, in zona Martella","og_url":"https:\/\/www.filcacisl.it\/sindacato\/natuzzi-presidio-permanente-ai-cancelli-dello-stabilimento-di-laterza\/","og_site_name":"Filca CISL","article_publisher":"https:\/\/www.facebook.com\/Filca-Cisl-nazionale-308470056393070\/","article_published_time":"2012-04-19T09:52:05+00:00","author":"Vanni Petrelli","twitter_card":"summary_large_image","twitter_creator":"@strategie3srls@gmail.com","twitter_site":"@filcacisl","twitter_misc":{"Scritto da":"Vanni Petrelli","Tempo di lettura stimato":"1 minuto"},"schema":{"@context":"https:\/\/schema.org","@graph":[{"@type":"Article","@id":"https:\/\/www.filcacisl.it\/sindacato\/natuzzi-presidio-permanente-ai-cancelli-dello-stabilimento-di-laterza\/#article","isPartOf":{"@id":"https:\/\/www.filcacisl.it\/sindacato\/natuzzi-presidio-permanente-ai-cancelli-dello-stabilimento-di-laterza\/"},"author":{"name":"Vanni Petrelli","@id":"https:\/\/www.filcacisl.it\/sindacato\/#\/schema\/person\/e71a39dcbb4e2d46dd1f4ea8c68e6369"},"headline":"NATUZZI, PRESIDIO PERMANENTE AI CANCELLI DELLO STABILIMENTO DI LATERZA","datePublished":"2012-04-19T09:52:05+00:00","mainEntityOfPage":{"@id":"https:\/\/www.filcacisl.it\/sindacato\/natuzzi-presidio-permanente-ai-cancelli-dello-stabilimento-di-laterza\/"},"wordCount":142,"commentCount":0,"publisher":{"@id":"https:\/\/www.filcacisl.it\/sindacato\/#organization"},"image":{"@id":"https:\/\/www.filcacisl.it\/sindacato\/natuzzi-presidio-permanente-ai-cancelli-dello-stabilimento-di-laterza\/#primaryimage"},"thumbnailUrl":"","keywords":["filca cisl taranto","Natuzzi","pasquale natuzzi","VITO LINCESSO"],"articleSection":["Filca - Dal territorio"],"inLanguage":"it-IT","potentialAction":[{"@type":"CommentAction","name":"Comment","target":["https:\/\/www.filcacisl.it\/sindacato\/natuzzi-presidio-permanente-ai-cancelli-dello-stabilimento-di-laterza\/#respond"]}]},{"@type":"WebPage","@id":"https:\/\/www.filcacisl.it\/sindacato\/natuzzi-presidio-permanente-ai-cancelli-dello-stabilimento-di-laterza\/","url":"https:\/\/www.filcacisl.it\/sindacato\/natuzzi-presidio-permanente-ai-cancelli-dello-stabilimento-di-laterza\/","name":"NATUZZI, PRESIDIO PERMANENTE AI CANCELLI DELLO STABILIMENTO DI LATERZA - Filca CISL","isPartOf":{"@id":"https:\/\/www.filcacisl.it\/sindacato\/#website"},"primaryImageOfPage":{"@id":"https:\/\/www.filcacisl.it\/sindacato\/natuzzi-presidio-permanente-ai-cancelli-dello-stabilimento-di-laterza\/#primaryimage"},"image":{"@id":"https:\/\/www.filcacisl.it\/sindacato\/natuzzi-presidio-permanente-ai-cancelli-dello-stabilimento-di-laterza\/#primaryimage"},"thumbnailUrl":"","datePublished":"2012-04-19T09:52:05+00:00","breadcrumb":{"@id":"https:\/\/www.filcacisl.it\/sindacato\/natuzzi-presidio-permanente-ai-cancelli-dello-stabilimento-di-laterza\/#breadcrumb"},"inLanguage":"it-IT","potentialAction":[{"@type":"ReadAction","target":["https:\/\/www.filcacisl.it\/sindacato\/natuzzi-presidio-permanente-ai-cancelli-dello-stabilimento-di-laterza\/"]}]},{"@type":"ImageObject","inLanguage":"it-IT","@id":"https:\/\/www.filcacisl.it\/sindacato\/natuzzi-presidio-permanente-ai-cancelli-dello-stabilimento-di-laterza\/#primaryimage","url":"","contentUrl":""},{"@type":"BreadcrumbList","@id":"https:\/\/www.filcacisl.it\/sindacato\/natuzzi-presidio-permanente-ai-cancelli-dello-stabilimento-di-laterza\/#breadcrumb","itemListElement":[{"@type":"ListItem","position":1,"name":"Home","item":"https:\/\/www.filcacisl.it\/sindacato\/"},{"@type":"ListItem","position":2,"name":"NATUZZI, PRESIDIO PERMANENTE AI CANCELLI DELLO STABILIMENTO DI LATERZA"}]},{"@type":"WebSite","@id":"https:\/\/www.filcacisl.it\/sindacato\/#website","url":"https:\/\/www.filcacisl.it\/sindacato\/","name":"Filca CISL","description":"Federazione Italiana Lavoratori Costruzioni e Affini","publisher":{"@id":"https:\/\/www.filcacisl.it\/sindacato\/#organization"},"potentialAction":[{"@type":"SearchAction","target":{"@type":"EntryPoint","urlTemplate":"https:\/\/www.filcacisl.it\/sindacato\/?s={search_term_string}"},"query-input":{"@type":"PropertyValueSpecification","valueRequired":true,"valueName":"search_term_string"}}],"inLanguage":"it-IT"},{"@type":"Organization","@id":"https:\/\/www.filcacisl.it\/sindacato\/#organization","name":"FILCA CISL","url":"https:\/\/www.filcacisl.it\/sindacato\/","logo":{"@type":"ImageObject","inLanguage":"it-IT","@id":"https:\/\/www.filcacisl.it\/sindacato\/#\/schema\/logo\/image\/","url":"https:\/\/www.filcacisl.it\/sindacato\/wp-content\/uploads\/2022\/01\/cropped-logo-filca-new.jpg","contentUrl":"https:\/\/www.filcacisl.it\/sindacato\/wp-content\/uploads\/2022\/01\/cropped-logo-filca-new.jpg","width":2048,"height":586,"caption":"FILCA CISL"},"image":{"@id":"https:\/\/www.filcacisl.it\/sindacato\/#\/schema\/logo\/image\/"},"sameAs":["https:\/\/www.facebook.com\/Filca-Cisl-nazionale-308470056393070\/","https:\/\/x.com\/filcacisl"]},{"@type":"Person","@id":"https:\/\/www.filcacisl.it\/sindacato\/#\/schema\/person\/e71a39dcbb4e2d46dd1f4ea8c68e6369","name":"Vanni Petrelli","image":{"@type":"ImageObject","inLanguage":"it-IT","@id":"https:\/\/secure.gravatar.com\/avatar\/babadadf206e9691570a5abffb95bee052ff5c84adf1e10895877bc756a453cc?s=96&d=mm&r=g","url":"https:\/\/secure.gravatar.com\/avatar\/babadadf206e9691570a5abffb95bee052ff5c84adf1e10895877bc756a453cc?s=96&d=mm&r=g","contentUrl":"https:\/\/secure.gravatar.com\/avatar\/babadadf206e9691570a5abffb95bee052ff5c84adf1e10895877bc756a453cc?s=96&d=mm&r=g","caption":"Vanni Petrelli"},"sameAs":["https:\/\/x.com\/strategie3srls@gmail.com"],"url":"https:\/\/www.filcacisl.it\/sindacato\/author\/redazione\/"}]}},"_links":{"self":[{"href":"https:\/\/www.filcacisl.it\/sindacato\/wp-json\/wp\/v2\/posts\/14873","targetHints":{"allow":["GET"]}}],"collection":[{"href":"https:\/\/www.filcacisl.it\/sindacato\/wp-json\/wp\/v2\/posts"}],"about":[{"href":"https:\/\/www.filcacisl.it\/sindacato\/wp-json\/wp\/v2\/types\/post"}],"author":[{"embeddable":true,"href":"https:\/\/www.filcacisl.it\/sindacato\/wp-json\/wp\/v2\/users\/11"}],"replies":[{"embeddable":true,"href":"https:\/\/www.filcacisl.it\/sindacato\/wp-json\/wp\/v2\/comments?post=14873"}],"version-history":[{"count":0,"href":"https:\/\/www.filcacisl.it\/sindacato\/wp-json\/wp\/v2\/posts\/14873\/revisions"}],"wp:attachment":[{"href":"https:\/\/www.filcacisl.it\/sindacato\/wp-json\/wp\/v2\/media?parent=14873"}],"wp:term":[{"taxonomy":"category","embeddable":true,"href":"https:\/\/www.filcacisl.it\/sindacato\/wp-json\/wp\/v2\/categories?post=14873"},{"taxonomy":"post_tag","embeddable":true,"href":"https:\/\/www.filcacisl.it\/sindacato\/wp-json\/wp\/v2\/tags?post=14873"}],"curies":[{"name":"wp","href":"https:\/\/api.w.org\/{rel}","templated":true}]}}